{"id":5375,"date":"2025-08-19T11:01:24","date_gmt":"2025-08-19T14:01:24","guid":{"rendered":"https:\/\/mestradosustentabilidade.usuarios.rdc.puc-rio.br\/?p=5375"},"modified":"2025-08-19T11:01:24","modified_gmt":"2025-08-19T14:01:24","slug":"dra-aliny-patricia-flauzino-pires","status":"publish","type":"post","link":"https:\/\/mestradosustentabilidade.usuarios.rdc.puc-rio.br\/es\/docente\/dra-aliny-patricia-flauzino-pires\/","title":{"rendered":"Doctora Anna Carolina Fornero Aguiar"},"content":{"rendered":"<p>Licenciado en Ciencias Biol\u00f3gicas (2009) y M\u00e1ster en Bioingenier\u00eda de Ecosistemas (2012) por la Universidad Federal de S\u00e3o Jo\u00e3o del Rei. Doctorado en Ecolog\u00eda por la UFMG (2017). Desde la graduaci\u00f3n hasta el doctorado se dedic\u00f3 a temas relacionados con taxonom\u00eda, distribuci\u00f3n, ecolog\u00eda y producci\u00f3n secundaria de macroinvertebrados bent\u00f3nicos, descomposici\u00f3n de restos de hojas y flujo de energ\u00eda y materia en r\u00edos. En el per\u00edodo de posdoctorado (Laboratorio de Limnolog\u00eda de la UFRJ, desde 2019), los intereses se ampliaron para abarcar temas relacionados con la restauraci\u00f3n ecol\u00f3gica y el ciclo del carbono en un \u00e1rea amaz\u00f3nica, la biodiversidad y los negocios, la sostenibilidad y los futuros regenerativos (Col\u00e9gio Brasileiro de Altos Estudos de la UFRJ, desde 2022 ). Tambi\u00e9n se dedica a actividades de extensi\u00f3n, coordinando el componente de contenido del curso J\u00f3venes L\u00edderes Clim\u00e1ticos (Foro de Ciencia y Cultura de la UFRJ, desde 2022), y a la docencia, dictando regularmente clases en disciplinas del Departamento de Ecolog\u00eda de la UFRJ (desde 2019). Tambi\u00e9n trabaja en consultor\u00eda tanto relacionada con el impacto del sector minero (en temas como restauraci\u00f3n y compensaci\u00f3n de biodiversidad, desde 2019), como vinculada al sector cultural (en el caso de la exposici\u00f3n Fruturos &#8211; Tempos Amaz\u00f4nicos, en el Museo del Ma\u00f1ana, 2021-2022). Hoy, sus principales intereses son la ciencia de la sustentabilidad, los estudios de futuros y la restauraci\u00f3n ecol\u00f3gica.<\/p>\n<p><strong><a href=\"http:\/\/lattes.cnpq.br\/4918818739358488\" target=\"_blank\" rel=\"noopener noreferrer\">Lattes del plan de estudios<\/a><\/strong><\/p>","protected":false},"excerpt":{"rendered":"<p>Licenciado en Ciencias Biol\u00f3gicas (2009) y M\u00e1ster en Bioingenier\u00eda de Ecosistemas (2012) por la Universidad Federal de S\u00e3o Jo\u00e3o del Rei. Doctorado en Ecolog\u00eda por la UFMG (2017). Desde la graduaci\u00f3n hasta el doctorado se dedic\u00f3 a temas relacionados con taxonom\u00eda, distribuci\u00f3n, ecolog\u00eda y producci\u00f3n secundaria de macroinvertebrados bent\u00f3nicos, descomposici\u00f3n de restos de hojas y flujo de energ\u00eda y materia en r\u00edos. En el per\u00edodo de posdoctorado (Laboratorio de Limnolog\u00eda de la UFRJ, desde 2019), los intereses se ampliaron para abarcar temas relacionados con la restauraci\u00f3n ecol\u00f3gica y el ciclo del carbono en un \u00e1rea amaz\u00f3nica, la biodiversidad y los negocios, la sostenibilidad y los futuros regenerativos (Col\u00e9gio Brasileiro de Altos Estudos de la UFRJ, desde 2022 ). Tambi\u00e9n se dedica a actividades de extensi\u00f3n, coordinando el componente de contenido del curso J\u00f3venes L\u00edderes Clim\u00e1ticos (Foro de Ciencia y Cultura de la UFRJ, desde 2022), y a la docencia, dictando regularmente clases en disciplinas del Departamento de Ecolog\u00eda de la UFRJ (desde 2019). Tambi\u00e9n trabaja en consultor\u00eda tanto relacionada con el impacto del sector minero (en temas como restauraci\u00f3n y compensaci\u00f3n de biodiversidad, desde 2019), como vinculada al sector cultural (en el caso de la exposici\u00f3n Fruturos &#8211; Tempos Amaz\u00f4nicos, en el Museo del Ma\u00f1ana, 2021-2022). Hoy, sus principales intereses son la ciencia de la sustentabilidad, los estudios de futuros y la restauraci\u00f3n ecol\u00f3gica. Lattes del plan de estudios<\/p>\n","protected":false},"author":15,"featured_media":5372,"comment_status":"open","ping_status":"open","sticky":false,"template":"","format":"standard","meta":[],"categories":[135],"tags":[],"acf":[],"yoast_head":"<!-- This site is optimized with the Yoast SEO plugin v20.1 - https:\/\/yoast.com\/wordpress\/plugins\/seo\/ -->\n<title>Doctora Anna Carolina Fornero Aguiar - Mestrado Profissional em Ci\u00eancia da Sustentabilidade<\/title>\n<meta name=\"description\" content=\"Aliny P. F. Pires \u00e9 bi\u00f3loga, com doutorado em Ecologia pela Universidade Federal do Rio de Janeiro. Atualmente, coordena o Laborat\u00f3rio de Ecologia e\" \/>\n<meta name=\"robots\" content=\"index, follow, max-snippet:-1, max-image-preview:large, max-video-preview:-1\" \/>\n<link rel=\"canonical\" href=\"https:\/\/mestradosustentabilidade.usuarios.rdc.puc-rio.br\/es\/docente\/dra-aliny-patricia-flauzino-pires\/\" \/>\n<meta property=\"og:locale\" content=\"es_ES\" \/>\n<meta property=\"og:type\" content=\"article\" \/>\n<meta property=\"og:title\" content=\"Doctora Anna Carolina Fornero Aguiar - Mestrado Profissional em Ci\u00eancia da Sustentabilidade\" \/>\n<meta property=\"og:description\" content=\"Aliny P. F. Pires \u00e9 bi\u00f3loga, com doutorado em Ecologia pela Universidade Federal do Rio de Janeiro. Atualmente, coordena o Laborat\u00f3rio de Ecologia e\" \/>\n<meta property=\"og:url\" content=\"https:\/\/mestradosustentabilidade.usuarios.rdc.puc-rio.br\/docente\/dra-aliny-patricia-flauzino-pires\/\" \/>\n<meta property=\"og:site_name\" content=\"Mestrado Profissional em Ci\u00eancia da Sustentabilidade\" \/>\n<meta property=\"article:published_time\" content=\"2025-08-19T14:01:24+00:00\" \/>\n<meta property=\"og:image\" content=\"http:\/\/mestradosustentabilidade.usuarios.rdc.puc-rio.br\/wp-content\/uploads\/2025\/05\/ALINY-PIRES.jpeg\" \/>\n\t<meta property=\"og:image:width\" content=\"565\" \/>\n\t<meta property=\"og:image:height\" content=\"745\" \/>\n\t<meta property=\"og:image:type\" content=\"image\/jpeg\" \/>\n<meta name=\"author\" content=\"Pedro Freitas\" \/>\n<meta name=\"twitter:card\" content=\"summary_large_image\" \/>\n<meta name=\"twitter:label1\" content=\"Written by\" \/>\n\t<meta name=\"twitter:data1\" content=\"Pedro Freitas\" \/>\n\t<meta name=\"twitter:label2\" content=\"Est. reading time\" \/>\n\t<meta name=\"twitter:data2\" content=\"3 minutes\" \/>\n<script type=\"application\/ld+json\" class=\"yoast-schema-graph\">{\"@context\":\"https:\/\/schema.org\",\"@graph\":[{\"@type\":\"Article\",\"@id\":\"https:\/\/mestradosustentabilidade.usuarios.rdc.puc-rio.br\/docente\/dra-aliny-patricia-flauzino-pires\/#article\",\"isPartOf\":{\"@id\":\"https:\/\/mestradosustentabilidade.usuarios.rdc.puc-rio.br\/docente\/dra-aliny-patricia-flauzino-pires\/\"},\"author\":{\"name\":\"Pedro Freitas\",\"@id\":\"https:\/\/mestradosustentabilidade.usuarios.rdc.puc-rio.br\/#\/schema\/person\/d5e9edbf841339c9075a8200b2b13aa8\"},\"headline\":\"Doctora Anna Carolina Fornero Aguiar\",\"datePublished\":\"2025-08-19T14:01:24+00:00\",\"dateModified\":\"2025-08-19T14:01:24+00:00\",\"mainEntityOfPage\":{\"@id\":\"https:\/\/mestradosustentabilidade.usuarios.rdc.puc-rio.br\/docente\/dra-aliny-patricia-flauzino-pires\/\"},\"wordCount\":691,\"commentCount\":0,\"publisher\":{\"@id\":\"https:\/\/mestradosustentabilidade.usuarios.rdc.puc-rio.br\/#organization\"},\"articleSection\":[\"Corpo Docente\"],\"inLanguage\":\"es-ES\",\"potentialAction\":[{\"@type\":\"CommentAction\",\"name\":\"Comment\",\"target\":[\"https:\/\/mestradosustentabilidade.usuarios.rdc.puc-rio.br\/docente\/dra-aliny-patricia-flauzino-pires\/#respond\"]}]},{\"@type\":\"WebPage\",\"@id\":\"https:\/\/mestradosustentabilidade.usuarios.rdc.puc-rio.br\/docente\/dra-aliny-patricia-flauzino-pires\/\",\"url\":\"https:\/\/mestradosustentabilidade.usuarios.rdc.puc-rio.br\/docente\/dra-aliny-patricia-flauzino-pires\/\",\"name\":\"Doctora Anna Carolina Fornero Aguiar - Mestrado Profissional em Ci\u00eancia da Sustentabilidade\",\"isPartOf\":{\"@id\":\"https:\/\/mestradosustentabilidade.usuarios.rdc.puc-rio.br\/#website\"},\"datePublished\":\"2025-08-19T14:01:24+00:00\",\"dateModified\":\"2025-08-19T14:01:24+00:00\",\"description\":\"Aliny P. F. Pires \u00e9 bi\u00f3loga, com doutorado em Ecologia pela Universidade Federal do Rio de Janeiro. Atualmente, coordena o Laborat\u00f3rio de Ecologia e\",\"breadcrumb\":{\"@id\":\"https:\/\/mestradosustentabilidade.usuarios.rdc.puc-rio.br\/docente\/dra-aliny-patricia-flauzino-pires\/#breadcrumb\"},\"inLanguage\":\"es-ES\",\"potentialAction\":[{\"@type\":\"ReadAction\",\"target\":[\"https:\/\/mestradosustentabilidade.usuarios.rdc.puc-rio.br\/docente\/dra-aliny-patricia-flauzino-pires\/\"]}]},{\"@type\":\"BreadcrumbList\",\"@id\":\"https:\/\/mestradosustentabilidade.usuarios.rdc.puc-rio.br\/docente\/dra-aliny-patricia-flauzino-pires\/#breadcrumb\",\"itemListElement\":[{\"@type\":\"ListItem\",\"position\":1,\"name\":\"Home\",\"item\":\"https:\/\/mestradosustentabilidade.usuarios.rdc.puc-rio.br\/\"},{\"@type\":\"ListItem\",\"position\":2,\"name\":\"Dr\u00aa. Aliny Patricia Flauzino Pires\"}]},{\"@type\":\"WebSite\",\"@id\":\"https:\/\/mestradosustentabilidade.usuarios.rdc.puc-rio.br\/#website\",\"url\":\"https:\/\/mestradosustentabilidade.usuarios.rdc.puc-rio.br\/\",\"name\":\"Mestrado Profissional em Ci\u00eancia da Sustentabilidade\",\"description\":\"O Mestrado Profissional em Ci\u00eancia da Sustentabilidade \u00e9 o primeiro curso de p\u00f3s-gradua\u00e7\u00e3o do Brasil voltado para a Ci\u00eancias da Sustentabilidade\",\"publisher\":{\"@id\":\"https:\/\/mestradosustentabilidade.usuarios.rdc.puc-rio.br\/#organization\"},\"potentialAction\":[{\"@type\":\"SearchAction\",\"target\":{\"@type\":\"EntryPoint\",\"urlTemplate\":\"https:\/\/mestradosustentabilidade.usuarios.rdc.puc-rio.br\/?s={search_term_string}\"},\"query-input\":\"required name=search_term_string\"}],\"inLanguage\":\"es-ES\"},{\"@type\":\"Organization\",\"@id\":\"https:\/\/mestradosustentabilidade.usuarios.rdc.puc-rio.br\/#organization\",\"name\":\"MPCS\",\"url\":\"https:\/\/mestradosustentabilidade.usuarios.rdc.puc-rio.br\/\",\"logo\":{\"@type\":\"ImageObject\",\"inLanguage\":\"es-ES\",\"@id\":\"https:\/\/mestradosustentabilidade.usuarios.rdc.puc-rio.br\/#\/schema\/logo\/image\/\",\"url\":\"http:\/\/mestradosustentabilidade.usuarios.rdc.puc-rio.br\/wp-content\/uploads\/2024\/06\/favicon.jpg\",\"contentUrl\":\"http:\/\/mestradosustentabilidade.usuarios.rdc.puc-rio.br\/wp-content\/uploads\/2024\/06\/favicon.jpg\",\"width\":512,\"height\":512,\"caption\":\"MPCS\"},\"image\":{\"@id\":\"https:\/\/mestradosustentabilidade.usuarios.rdc.puc-rio.br\/#\/schema\/logo\/image\/\"}},{\"@type\":\"Person\",\"@id\":\"https:\/\/mestradosustentabilidade.usuarios.rdc.puc-rio.br\/#\/schema\/person\/d5e9edbf841339c9075a8200b2b13aa8\",\"name\":\"Pedro Freitas\"}]}<\/script>\n<!-- \/ Yoast SEO plugin. -->","yoast_head_json":{"title":"Doctora Anna Carolina Fornero Aguiar - Mestrado Profissional em Ci\u00eancia da Sustentabilidade","description":"Aliny P. F. Pires \u00e9 bi\u00f3loga, com doutorado em Ecologia pela Universidade Federal do Rio de Janeiro. Atualmente, coordena o Laborat\u00f3rio de Ecologia e","robots":{"index":"index","follow":"follow","max-snippet":"max-snippet:-1","max-image-preview":"max-image-preview:large","max-video-preview":"max-video-preview:-1"},"canonical":"https:\/\/mestradosustentabilidade.usuarios.rdc.puc-rio.br\/es\/docente\/dra-aliny-patricia-flauzino-pires\/","og_locale":"es_ES","og_type":"article","og_title":"Doctora Anna Carolina Fornero Aguiar - Mestrado Profissional em Ci\u00eancia da Sustentabilidade","og_description":"Aliny P. F. Pires \u00e9 bi\u00f3loga, com doutorado em Ecologia pela Universidade Federal do Rio de Janeiro. Atualmente, coordena o Laborat\u00f3rio de Ecologia e","og_url":"https:\/\/mestradosustentabilidade.usuarios.rdc.puc-rio.br\/docente\/dra-aliny-patricia-flauzino-pires\/","og_site_name":"Mestrado Profissional em Ci\u00eancia da Sustentabilidade","article_published_time":"2025-08-19T14:01:24+00:00","og_image":[{"width":565,"height":745,"url":"http:\/\/mestradosustentabilidade.usuarios.rdc.puc-rio.br\/wp-content\/uploads\/2025\/05\/ALINY-PIRES.jpeg","type":"image\/jpeg"}],"author":"Pedro Freitas","twitter_card":"summary_large_image","twitter_misc":{"Written by":"Pedro Freitas","Est. reading time":"3 minutes"},"schema":{"@context":"https:\/\/schema.org","@graph":[{"@type":"Article","@id":"https:\/\/mestradosustentabilidade.usuarios.rdc.puc-rio.br\/docente\/dra-aliny-patricia-flauzino-pires\/#article","isPartOf":{"@id":"https:\/\/mestradosustentabilidade.usuarios.rdc.puc-rio.br\/docente\/dra-aliny-patricia-flauzino-pires\/"},"author":{"name":"Pedro Freitas","@id":"https:\/\/mestradosustentabilidade.usuarios.rdc.puc-rio.br\/#\/schema\/person\/d5e9edbf841339c9075a8200b2b13aa8"},"headline":"Doctora Anna Carolina Fornero Aguiar","datePublished":"2025-08-19T14:01:24+00:00","dateModified":"2025-08-19T14:01:24+00:00","mainEntityOfPage":{"@id":"https:\/\/mestradosustentabilidade.usuarios.rdc.puc-rio.br\/docente\/dra-aliny-patricia-flauzino-pires\/"},"wordCount":691,"commentCount":0,"publisher":{"@id":"https:\/\/mestradosustentabilidade.usuarios.rdc.puc-rio.br\/#organization"},"articleSection":["Corpo Docente"],"inLanguage":"es-ES","potentialAction":[{"@type":"CommentAction","name":"Comment","target":["https:\/\/mestradosustentabilidade.usuarios.rdc.puc-rio.br\/docente\/dra-aliny-patricia-flauzino-pires\/#respond"]}]},{"@type":"WebPage","@id":"https:\/\/mestradosustentabilidade.usuarios.rdc.puc-rio.br\/docente\/dra-aliny-patricia-flauzino-pires\/","url":"https:\/\/mestradosustentabilidade.usuarios.rdc.puc-rio.br\/docente\/dra-aliny-patricia-flauzino-pires\/","name":"Doctora Anna Carolina Fornero Aguiar - Mestrado Profissional em Ci\u00eancia da Sustentabilidade","isPartOf":{"@id":"https:\/\/mestradosustentabilidade.usuarios.rdc.puc-rio.br\/#website"},"datePublished":"2025-08-19T14:01:24+00:00","dateModified":"2025-08-19T14:01:24+00:00","description":"Aliny P. F. Pires \u00e9 bi\u00f3loga, com doutorado em Ecologia pela Universidade Federal do Rio de Janeiro. Atualmente, coordena o Laborat\u00f3rio de Ecologia e","breadcrumb":{"@id":"https:\/\/mestradosustentabilidade.usuarios.rdc.puc-rio.br\/docente\/dra-aliny-patricia-flauzino-pires\/#breadcrumb"},"inLanguage":"es-ES","potentialAction":[{"@type":"ReadAction","target":["https:\/\/mestradosustentabilidade.usuarios.rdc.puc-rio.br\/docente\/dra-aliny-patricia-flauzino-pires\/"]}]},{"@type":"BreadcrumbList","@id":"https:\/\/mestradosustentabilidade.usuarios.rdc.puc-rio.br\/docente\/dra-aliny-patricia-flauzino-pires\/#breadcrumb","itemListElement":[{"@type":"ListItem","position":1,"name":"Home","item":"https:\/\/mestradosustentabilidade.usuarios.rdc.puc-rio.br\/"},{"@type":"ListItem","position":2,"name":"Dr\u00aa. Aliny Patricia Flauzino Pires"}]},{"@type":"WebSite","@id":"https:\/\/mestradosustentabilidade.usuarios.rdc.puc-rio.br\/#website","url":"https:\/\/mestradosustentabilidade.usuarios.rdc.puc-rio.br\/","name":"Mestrado Profissional em Ci\u00eancia da Sustentabilidade","description":"O Mestrado Profissional em Ci\u00eancia da Sustentabilidade \u00e9 o primeiro curso de p\u00f3s-gradua\u00e7\u00e3o do Brasil voltado para a Ci\u00eancias da Sustentabilidade","publisher":{"@id":"https:\/\/mestradosustentabilidade.usuarios.rdc.puc-rio.br\/#organization"},"potentialAction":[{"@type":"SearchAction","target":{"@type":"EntryPoint","urlTemplate":"https:\/\/mestradosustentabilidade.usuarios.rdc.puc-rio.br\/?s={search_term_string}"},"query-input":"required name=search_term_string"}],"inLanguage":"es-ES"},{"@type":"Organization","@id":"https:\/\/mestradosustentabilidade.usuarios.rdc.puc-rio.br\/#organization","name":"MPCS","url":"https:\/\/mestradosustentabilidade.usuarios.rdc.puc-rio.br\/","logo":{"@type":"ImageObject","inLanguage":"es-ES","@id":"https:\/\/mestradosustentabilidade.usuarios.rdc.puc-rio.br\/#\/schema\/logo\/image\/","url":"http:\/\/mestradosustentabilidade.usuarios.rdc.puc-rio.br\/wp-content\/uploads\/2024\/06\/favicon.jpg","contentUrl":"http:\/\/mestradosustentabilidade.usuarios.rdc.puc-rio.br\/wp-content\/uploads\/2024\/06\/favicon.jpg","width":512,"height":512,"caption":"MPCS"},"image":{"@id":"https:\/\/mestradosustentabilidade.usuarios.rdc.puc-rio.br\/#\/schema\/logo\/image\/"}},{"@type":"Person","@id":"https:\/\/mestradosustentabilidade.usuarios.rdc.puc-rio.br\/#\/schema\/person\/d5e9edbf841339c9075a8200b2b13aa8","name":"Pedro Freitas"}]}},"_links":{"self":[{"href":"https:\/\/mestradosustentabilidade.usuarios.rdc.puc-rio.br\/es\/wp-json\/wp\/v2\/posts\/5375"}],"collection":[{"href":"https:\/\/mestradosustentabilidade.usuarios.rdc.puc-rio.br\/es\/wp-json\/wp\/v2\/posts"}],"about":[{"href":"https:\/\/mestradosustentabilidade.usuarios.rdc.puc-rio.br\/es\/wp-json\/wp\/v2\/types\/post"}],"author":[{"embeddable":true,"href":"https:\/\/mestradosustentabilidade.usuarios.rdc.puc-rio.br\/es\/wp-json\/wp\/v2\/users\/15"}],"replies":[{"embeddable":true,"href":"https:\/\/mestradosustentabilidade.usuarios.rdc.puc-rio.br\/es\/wp-json\/wp\/v2\/comments?post=5375"}],"version-history":[{"count":1,"href":"https:\/\/mestradosustentabilidade.usuarios.rdc.puc-rio.br\/es\/wp-json\/wp\/v2\/posts\/5375\/revisions"}],"predecessor-version":[{"id":5376,"href":"https:\/\/mestradosustentabilidade.usuarios.rdc.puc-rio.br\/es\/wp-json\/wp\/v2\/posts\/5375\/revisions\/5376"}],"wp:featuredmedia":[{"embeddable":true,"href":"https:\/\/mestradosustentabilidade.usuarios.rdc.puc-rio.br\/es\/wp-json\/wp\/v2\/media\/5372"}],"wp:attachment":[{"href":"https:\/\/mestradosustentabilidade.usuarios.rdc.puc-rio.br\/es\/wp-json\/wp\/v2\/media?parent=5375"}],"wp:term":[{"taxonomy":"category","embeddable":true,"href":"https:\/\/mestradosustentabilidade.usuarios.rdc.puc-rio.br\/es\/wp-json\/wp\/v2\/categories?post=5375"},{"taxonomy":"post_tag","embeddable":true,"href":"https:\/\/mestradosustentabilidade.usuarios.rdc.puc-rio.br\/es\/wp-json\/wp\/v2\/tags?post=5375"}],"curies":[{"name":"wp","href":"https:\/\/api.w.org\/{rel}","templated":true}]}}