{"id":4558,"date":"2025-05-29T14:53:59","date_gmt":"2025-05-29T17:53:59","guid":{"rendered":"http:\/\/mestradosustentabilidade.usuarios.rdc.puc-rio.br\/?p=4558"},"modified":"2025-06-03T14:07:00","modified_gmt":"2025-06-03T17:07:00","slug":"profa-ana-carolina-aguiar","status":"publish","type":"post","link":"https:\/\/mestradosustentabilidade.usuarios.rdc.puc-rio.br\/es\/docente\/profa-ana-carolina-aguiar\/","title":{"rendered":"Doctor Andr\u00e9 Lima de Alvarenga"},"content":{"rendered":"<p>Andr\u00e9 Lima de Alvarenga es Bachiller, Licenciado, Maestro y Doctor en Geograf\u00eda (UFRJ), con posdoctorado en la UFF. Actualmente es Investigador Postdoctoral en Geograf\u00eda (PUC-Rio). Recibi\u00f3 premio al mejor gui\u00f3n cinematogr\u00e1fico en el Festival de Cine de Goi\u00e2nia y en el Festival de Santiago \u00c1lvarez, en Cuba, con la pel\u00edcula \u201cEncontro com Milton Santos ou o Mundo Global Visto do Lado de C\u00e1\u201d, en 2007. Fue profesor en el Departamento de Geograf\u00eda de la UnB, en 2014\/2015. Gran conocedor de la historia de la cartograf\u00eda y entusiasta de la educaci\u00f3n cartogr\u00e1fica, entiende el uso de los mapas como de fundamental importancia para la comunicaci\u00f3n de las realidades geogr\u00e1ficas, habiendo sido consultor de la exposici\u00f3n &#8216;Brasil no [Centro do] Mapa&#8217; celebrada en CCBB-RJ. Sus principales campos de investigaci\u00f3n son las representaciones geogr\u00e1ficas a trav\u00e9s de instrumentos culturales, las transformaciones urbanas en las ciudades portuarias y las ciudades inteligentes. Actualmente investiga Ciudades Sostenibles y se ha desempe\u00f1ado como consultor en Ciudades Inteligentes, habiendo participado con la Asociaci\u00f3n de Residentes y Empresarios de Santa Teresa (AME-Santa) en la propuesta de actualizaci\u00f3n de la APA en el barrio de Santa Teresa.<\/p>\n<p><a href=\"http:\/\/lattes.cnpq.br\/2939037382131326\" target=\"_blank\" rel=\"noopener noreferrer\"><strong>Lattes del plan de estudios<\/strong><\/a><\/p>","protected":false},"excerpt":{"rendered":"<p>Andr\u00e9 Lima de Alvarenga es Bachiller, Licenciado, Maestro y Doctor en Geograf\u00eda (UFRJ), con posdoctorado en la UFF. Actualmente es Investigador Postdoctoral en Geograf\u00eda (PUC-Rio). Recibi\u00f3 premio al mejor gui\u00f3n cinematogr\u00e1fico en el Festival de Cine de Goi\u00e2nia y en el Festival de Santiago \u00c1lvarez, en Cuba, con la pel\u00edcula \u201cEncontro com Milton Santos ou o Mundo Global Visto do Lado de C\u00e1\u201d, en 2007. Fue profesor en el Departamento de Geograf\u00eda de la UnB, en 2014\/2015. Gran conocedor de la historia de la cartograf\u00eda y entusiasta de la educaci\u00f3n cartogr\u00e1fica, entiende el uso de los mapas como de fundamental importancia para la comunicaci\u00f3n de las realidades geogr\u00e1ficas, habiendo sido consultor de la exposici\u00f3n &#8216;Brasil no [Centro do] Mapa&#8217; celebrada en CCBB-RJ. Sus principales campos de investigaci\u00f3n son las representaciones geogr\u00e1ficas a trav\u00e9s de instrumentos culturales, las transformaciones urbanas en las ciudades portuarias y las ciudades inteligentes. Actualmente investiga Ciudades Sostenibles y se ha desempe\u00f1ado como consultor en Ciudades Inteligentes, habiendo participado con la Asociaci\u00f3n de Residentes y Empresarios de Santa Teresa (AME-Santa) en la propuesta de actualizaci\u00f3n de la APA en el barrio de Santa Teresa. Lattes del plan de estudios<\/p>\n","protected":false},"author":10,"featured_media":4559,"comment_status":"closed","ping_status":"closed","sticky":false,"template":"","format":"standard","meta":[],"categories":[135],"tags":[],"acf":[],"yoast_head":"<!-- This site is optimized with the Yoast SEO plugin v20.1 - https:\/\/yoast.com\/wordpress\/plugins\/seo\/ -->\n<title>Doctor Andr\u00e9 Lima de Alvarenga - Mestrado Profissional em Ci\u00eancia da Sustentabilidade<\/title>\n<meta name=\"description\" content=\"Andr\u00e9 Lima de Alvarenga \u00e9 Bacharel, Licenciado, Mestre e Doutor em Geografia (UFRJ), com P\u00f3s-doutorado na UFF. Atualmente \u00e9 pesquisador P\u00f3s-doutorado em\" \/>\n<meta name=\"robots\" content=\"index, follow, max-snippet:-1, max-image-preview:large, max-video-preview:-1\" \/>\n<link rel=\"canonical\" href=\"https:\/\/mestradosustentabilidade.usuarios.rdc.puc-rio.br\/es\/docente\/profa-ana-carolina-aguiar\/\" \/>\n<meta property=\"og:locale\" content=\"es_ES\" \/>\n<meta property=\"og:type\" content=\"article\" \/>\n<meta property=\"og:title\" content=\"Doctor Andr\u00e9 Lima de Alvarenga - Mestrado Profissional em Ci\u00eancia da Sustentabilidade\" \/>\n<meta property=\"og:description\" content=\"Andr\u00e9 Lima de Alvarenga \u00e9 Bacharel, Licenciado, Mestre e Doutor em Geografia (UFRJ), com P\u00f3s-doutorado na UFF. Atualmente \u00e9 pesquisador P\u00f3s-doutorado em\" \/>\n<meta property=\"og:url\" content=\"https:\/\/mestradosustentabilidade.usuarios.rdc.puc-rio.br\/docente\/profa-ana-carolina-aguiar\/\" \/>\n<meta property=\"og:site_name\" content=\"Mestrado Profissional em Ci\u00eancia da Sustentabilidade\" \/>\n<meta property=\"article:published_time\" content=\"2025-05-29T17:53:59+00:00\" \/>\n<meta property=\"article:modified_time\" content=\"2025-06-03T17:07:00+00:00\" \/>\n<meta property=\"og:image\" content=\"http:\/\/mestradosustentabilidade.usuarios.rdc.puc-rio.br\/wp-content\/uploads\/2023\/06\/Andre-Lima-de-Alvarenga-1.jpg\" \/>\n\t<meta property=\"og:image:width\" content=\"835\" \/>\n\t<meta property=\"og:image:height\" content=\"1000\" \/>\n\t<meta property=\"og:image:type\" content=\"image\/jpeg\" \/>\n<meta name=\"author\" content=\"Ana Castro\" \/>\n<meta name=\"twitter:card\" content=\"summary_large_image\" \/>\n<meta name=\"twitter:label1\" content=\"Written by\" \/>\n\t<meta name=\"twitter:data1\" content=\"Ana Castro\" \/>\n\t<meta name=\"twitter:label2\" content=\"Est. reading time\" \/>\n\t<meta name=\"twitter:data2\" content=\"3 minutes\" \/>\n<script type=\"application\/ld+json\" class=\"yoast-schema-graph\">{\"@context\":\"https:\/\/schema.org\",\"@graph\":[{\"@type\":\"Article\",\"@id\":\"https:\/\/mestradosustentabilidade.usuarios.rdc.puc-rio.br\/docente\/profa-ana-carolina-aguiar\/#article\",\"isPartOf\":{\"@id\":\"https:\/\/mestradosustentabilidade.usuarios.rdc.puc-rio.br\/docente\/profa-ana-carolina-aguiar\/\"},\"author\":{\"name\":\"Ana Castro\",\"@id\":\"https:\/\/mestradosustentabilidade.usuarios.rdc.puc-rio.br\/#\/schema\/person\/64bbd377dbbb9139419e4bf170072cf4\"},\"headline\":\"Doctor Andr\u00e9 Lima de Alvarenga\",\"datePublished\":\"2025-05-29T17:53:59+00:00\",\"dateModified\":\"2025-06-03T17:07:00+00:00\",\"mainEntityOfPage\":{\"@id\":\"https:\/\/mestradosustentabilidade.usuarios.rdc.puc-rio.br\/docente\/profa-ana-carolina-aguiar\/\"},\"wordCount\":608,\"publisher\":{\"@id\":\"https:\/\/mestradosustentabilidade.usuarios.rdc.puc-rio.br\/#organization\"},\"articleSection\":[\"Corpo Docente\"],\"inLanguage\":\"es-ES\"},{\"@type\":\"WebPage\",\"@id\":\"https:\/\/mestradosustentabilidade.usuarios.rdc.puc-rio.br\/docente\/profa-ana-carolina-aguiar\/\",\"url\":\"https:\/\/mestradosustentabilidade.usuarios.rdc.puc-rio.br\/docente\/profa-ana-carolina-aguiar\/\",\"name\":\"Doctor Andr\u00e9 Lima de Alvarenga - Mestrado Profissional em Ci\u00eancia da Sustentabilidade\",\"isPartOf\":{\"@id\":\"https:\/\/mestradosustentabilidade.usuarios.rdc.puc-rio.br\/#website\"},\"datePublished\":\"2025-05-29T17:53:59+00:00\",\"dateModified\":\"2025-06-03T17:07:00+00:00\",\"description\":\"Andr\u00e9 Lima de Alvarenga \u00e9 Bacharel, Licenciado, Mestre e Doutor em Geografia (UFRJ), com P\u00f3s-doutorado na UFF. Atualmente \u00e9 pesquisador P\u00f3s-doutorado em\",\"breadcrumb\":{\"@id\":\"https:\/\/mestradosustentabilidade.usuarios.rdc.puc-rio.br\/docente\/profa-ana-carolina-aguiar\/#breadcrumb\"},\"inLanguage\":\"es-ES\",\"potentialAction\":[{\"@type\":\"ReadAction\",\"target\":[\"https:\/\/mestradosustentabilidade.usuarios.rdc.puc-rio.br\/docente\/profa-ana-carolina-aguiar\/\"]}]},{\"@type\":\"BreadcrumbList\",\"@id\":\"https:\/\/mestradosustentabilidade.usuarios.rdc.puc-rio.br\/docente\/profa-ana-carolina-aguiar\/#breadcrumb\",\"itemListElement\":[{\"@type\":\"ListItem\",\"position\":1,\"name\":\"Home\",\"item\":\"https:\/\/mestradosustentabilidade.usuarios.rdc.puc-rio.br\/\"},{\"@type\":\"ListItem\",\"position\":2,\"name\":\"Dr. Andr\u00e9 Lima de Alvarenga\"}]},{\"@type\":\"WebSite\",\"@id\":\"https:\/\/mestradosustentabilidade.usuarios.rdc.puc-rio.br\/#website\",\"url\":\"https:\/\/mestradosustentabilidade.usuarios.rdc.puc-rio.br\/\",\"name\":\"Mestrado Profissional em Ci\u00eancia da Sustentabilidade\",\"description\":\"O Mestrado Profissional em Ci\u00eancia da Sustentabilidade \u00e9 o primeiro curso de p\u00f3s-gradua\u00e7\u00e3o do Brasil voltado para a Ci\u00eancias da Sustentabilidade\",\"publisher\":{\"@id\":\"https:\/\/mestradosustentabilidade.usuarios.rdc.puc-rio.br\/#organization\"},\"potentialAction\":[{\"@type\":\"SearchAction\",\"target\":{\"@type\":\"EntryPoint\",\"urlTemplate\":\"https:\/\/mestradosustentabilidade.usuarios.rdc.puc-rio.br\/?s={search_term_string}\"},\"query-input\":\"required name=search_term_string\"}],\"inLanguage\":\"es-ES\"},{\"@type\":\"Organization\",\"@id\":\"https:\/\/mestradosustentabilidade.usuarios.rdc.puc-rio.br\/#organization\",\"name\":\"MPCS\",\"url\":\"https:\/\/mestradosustentabilidade.usuarios.rdc.puc-rio.br\/\",\"logo\":{\"@type\":\"ImageObject\",\"inLanguage\":\"es-ES\",\"@id\":\"https:\/\/mestradosustentabilidade.usuarios.rdc.puc-rio.br\/#\/schema\/logo\/image\/\",\"url\":\"http:\/\/mestradosustentabilidade.usuarios.rdc.puc-rio.br\/wp-content\/uploads\/2024\/06\/favicon.jpg\",\"contentUrl\":\"http:\/\/mestradosustentabilidade.usuarios.rdc.puc-rio.br\/wp-content\/uploads\/2024\/06\/favicon.jpg\",\"width\":512,\"height\":512,\"caption\":\"MPCS\"},\"image\":{\"@id\":\"https:\/\/mestradosustentabilidade.usuarios.rdc.puc-rio.br\/#\/schema\/logo\/image\/\"}},{\"@type\":\"Person\",\"@id\":\"https:\/\/mestradosustentabilidade.usuarios.rdc.puc-rio.br\/#\/schema\/person\/64bbd377dbbb9139419e4bf170072cf4\",\"name\":\"Ana Castro\"}]}<\/script>\n<!-- \/ Yoast SEO plugin. -->","yoast_head_json":{"title":"Doctor Andr\u00e9 Lima de Alvarenga - Mestrado Profissional em Ci\u00eancia da Sustentabilidade","description":"Andr\u00e9 Lima de Alvarenga \u00e9 Bacharel, Licenciado, Mestre e Doutor em Geografia (UFRJ), com P\u00f3s-doutorado na UFF. Atualmente \u00e9 pesquisador P\u00f3s-doutorado em","robots":{"index":"index","follow":"follow","max-snippet":"max-snippet:-1","max-image-preview":"max-image-preview:large","max-video-preview":"max-video-preview:-1"},"canonical":"https:\/\/mestradosustentabilidade.usuarios.rdc.puc-rio.br\/es\/docente\/profa-ana-carolina-aguiar\/","og_locale":"es_ES","og_type":"article","og_title":"Doctor Andr\u00e9 Lima de Alvarenga - Mestrado Profissional em Ci\u00eancia da Sustentabilidade","og_description":"Andr\u00e9 Lima de Alvarenga \u00e9 Bacharel, Licenciado, Mestre e Doutor em Geografia (UFRJ), com P\u00f3s-doutorado na UFF. Atualmente \u00e9 pesquisador P\u00f3s-doutorado em","og_url":"https:\/\/mestradosustentabilidade.usuarios.rdc.puc-rio.br\/docente\/profa-ana-carolina-aguiar\/","og_site_name":"Mestrado Profissional em Ci\u00eancia da Sustentabilidade","article_published_time":"2025-05-29T17:53:59+00:00","article_modified_time":"2025-06-03T17:07:00+00:00","og_image":[{"width":835,"height":1000,"url":"http:\/\/mestradosustentabilidade.usuarios.rdc.puc-rio.br\/wp-content\/uploads\/2023\/06\/Andre-Lima-de-Alvarenga-1.jpg","type":"image\/jpeg"}],"author":"Ana Castro","twitter_card":"summary_large_image","twitter_misc":{"Written by":"Ana Castro","Est. reading time":"3 minutes"},"schema":{"@context":"https:\/\/schema.org","@graph":[{"@type":"Article","@id":"https:\/\/mestradosustentabilidade.usuarios.rdc.puc-rio.br\/docente\/profa-ana-carolina-aguiar\/#article","isPartOf":{"@id":"https:\/\/mestradosustentabilidade.usuarios.rdc.puc-rio.br\/docente\/profa-ana-carolina-aguiar\/"},"author":{"name":"Ana Castro","@id":"https:\/\/mestradosustentabilidade.usuarios.rdc.puc-rio.br\/#\/schema\/person\/64bbd377dbbb9139419e4bf170072cf4"},"headline":"Doctor Andr\u00e9 Lima de Alvarenga","datePublished":"2025-05-29T17:53:59+00:00","dateModified":"2025-06-03T17:07:00+00:00","mainEntityOfPage":{"@id":"https:\/\/mestradosustentabilidade.usuarios.rdc.puc-rio.br\/docente\/profa-ana-carolina-aguiar\/"},"wordCount":608,"publisher":{"@id":"https:\/\/mestradosustentabilidade.usuarios.rdc.puc-rio.br\/#organization"},"articleSection":["Corpo Docente"],"inLanguage":"es-ES"},{"@type":"WebPage","@id":"https:\/\/mestradosustentabilidade.usuarios.rdc.puc-rio.br\/docente\/profa-ana-carolina-aguiar\/","url":"https:\/\/mestradosustentabilidade.usuarios.rdc.puc-rio.br\/docente\/profa-ana-carolina-aguiar\/","name":"Doctor Andr\u00e9 Lima de Alvarenga - Mestrado Profissional em Ci\u00eancia da Sustentabilidade","isPartOf":{"@id":"https:\/\/mestradosustentabilidade.usuarios.rdc.puc-rio.br\/#website"},"datePublished":"2025-05-29T17:53:59+00:00","dateModified":"2025-06-03T17:07:00+00:00","description":"Andr\u00e9 Lima de Alvarenga \u00e9 Bacharel, Licenciado, Mestre e Doutor em Geografia (UFRJ), com P\u00f3s-doutorado na UFF. Atualmente \u00e9 pesquisador P\u00f3s-doutorado em","breadcrumb":{"@id":"https:\/\/mestradosustentabilidade.usuarios.rdc.puc-rio.br\/docente\/profa-ana-carolina-aguiar\/#breadcrumb"},"inLanguage":"es-ES","potentialAction":[{"@type":"ReadAction","target":["https:\/\/mestradosustentabilidade.usuarios.rdc.puc-rio.br\/docente\/profa-ana-carolina-aguiar\/"]}]},{"@type":"BreadcrumbList","@id":"https:\/\/mestradosustentabilidade.usuarios.rdc.puc-rio.br\/docente\/profa-ana-carolina-aguiar\/#breadcrumb","itemListElement":[{"@type":"ListItem","position":1,"name":"Home","item":"https:\/\/mestradosustentabilidade.usuarios.rdc.puc-rio.br\/"},{"@type":"ListItem","position":2,"name":"Dr. Andr\u00e9 Lima de Alvarenga"}]},{"@type":"WebSite","@id":"https:\/\/mestradosustentabilidade.usuarios.rdc.puc-rio.br\/#website","url":"https:\/\/mestradosustentabilidade.usuarios.rdc.puc-rio.br\/","name":"Mestrado Profissional em Ci\u00eancia da Sustentabilidade","description":"O Mestrado Profissional em Ci\u00eancia da Sustentabilidade \u00e9 o primeiro curso de p\u00f3s-gradua\u00e7\u00e3o do Brasil voltado para a Ci\u00eancias da Sustentabilidade","publisher":{"@id":"https:\/\/mestradosustentabilidade.usuarios.rdc.puc-rio.br\/#organization"},"potentialAction":[{"@type":"SearchAction","target":{"@type":"EntryPoint","urlTemplate":"https:\/\/mestradosustentabilidade.usuarios.rdc.puc-rio.br\/?s={search_term_string}"},"query-input":"required name=search_term_string"}],"inLanguage":"es-ES"},{"@type":"Organization","@id":"https:\/\/mestradosustentabilidade.usuarios.rdc.puc-rio.br\/#organization","name":"MPCS","url":"https:\/\/mestradosustentabilidade.usuarios.rdc.puc-rio.br\/","logo":{"@type":"ImageObject","inLanguage":"es-ES","@id":"https:\/\/mestradosustentabilidade.usuarios.rdc.puc-rio.br\/#\/schema\/logo\/image\/","url":"http:\/\/mestradosustentabilidade.usuarios.rdc.puc-rio.br\/wp-content\/uploads\/2024\/06\/favicon.jpg","contentUrl":"http:\/\/mestradosustentabilidade.usuarios.rdc.puc-rio.br\/wp-content\/uploads\/2024\/06\/favicon.jpg","width":512,"height":512,"caption":"MPCS"},"image":{"@id":"https:\/\/mestradosustentabilidade.usuarios.rdc.puc-rio.br\/#\/schema\/logo\/image\/"}},{"@type":"Person","@id":"https:\/\/mestradosustentabilidade.usuarios.rdc.puc-rio.br\/#\/schema\/person\/64bbd377dbbb9139419e4bf170072cf4","name":"Ana Castro"}]}},"_links":{"self":[{"href":"https:\/\/mestradosustentabilidade.usuarios.rdc.puc-rio.br\/es\/wp-json\/wp\/v2\/posts\/4558"}],"collection":[{"href":"https:\/\/mestradosustentabilidade.usuarios.rdc.puc-rio.br\/es\/wp-json\/wp\/v2\/posts"}],"about":[{"href":"https:\/\/mestradosustentabilidade.usuarios.rdc.puc-rio.br\/es\/wp-json\/wp\/v2\/types\/post"}],"author":[{"embeddable":true,"href":"https:\/\/mestradosustentabilidade.usuarios.rdc.puc-rio.br\/es\/wp-json\/wp\/v2\/users\/10"}],"replies":[{"embeddable":true,"href":"https:\/\/mestradosustentabilidade.usuarios.rdc.puc-rio.br\/es\/wp-json\/wp\/v2\/comments?post=4558"}],"version-history":[{"count":2,"href":"https:\/\/mestradosustentabilidade.usuarios.rdc.puc-rio.br\/es\/wp-json\/wp\/v2\/posts\/4558\/revisions"}],"predecessor-version":[{"id":4574,"href":"https:\/\/mestradosustentabilidade.usuarios.rdc.puc-rio.br\/es\/wp-json\/wp\/v2\/posts\/4558\/revisions\/4574"}],"wp:featuredmedia":[{"embeddable":true,"href":"https:\/\/mestradosustentabilidade.usuarios.rdc.puc-rio.br\/es\/wp-json\/wp\/v2\/media\/4559"}],"wp:attachment":[{"href":"https:\/\/mestradosustentabilidade.usuarios.rdc.puc-rio.br\/es\/wp-json\/wp\/v2\/media?parent=4558"}],"wp:term":[{"taxonomy":"category","embeddable":true,"href":"https:\/\/mestradosustentabilidade.usuarios.rdc.puc-rio.br\/es\/wp-json\/wp\/v2\/categories?post=4558"},{"taxonomy":"post_tag","embeddable":true,"href":"https:\/\/mestradosustentabilidade.usuarios.rdc.puc-rio.br\/es\/wp-json\/wp\/v2\/tags?post=4558"}],"curies":[{"name":"wp","href":"https:\/\/api.w.org\/{rel}","templated":true}]}}