{"id":3937,"date":"2025-06-03T14:00:20","date_gmt":"2025-06-03T17:00:20","guid":{"rendered":"http:\/\/mestradosustentabilidade.usuarios.rdc.puc-rio.br\/?p=3937"},"modified":"2025-10-10T11:01:22","modified_gmt":"2025-10-10T14:01:22","slug":"profa-ana-carolina-aguiar-2","status":"publish","type":"post","link":"https:\/\/mestradosustentabilidade.usuarios.rdc.puc-rio.br\/es\/docente\/profa-ana-carolina-aguiar-2\/","title":{"rendered":"Doctora Ana Carolina Aguiar"},"content":{"rendered":"<p>Ana Carolina es maestra y doctora en Estudios Organizacionales de la EAESP-FGV, con especializaciones en Gerencia en Harvard Extension School y Psicolog\u00eda Positiva en la Universidad de Pensilvania. Sus actividades de investigaci\u00f3n y pr\u00e1ctica incluyen los temas de Di\u00e1logo, Desarrollo Organizacional Dial\u00f3gico, Comunicaci\u00f3n No Violenta, Educaci\u00f3n para la Sostenibilidad, Transdisciplinariedad e Identidad del Profesional de la Sostenibilidad. Es profesora de la l\u00ednea de sustentabilidad de la Maestr\u00eda Profesional en Gesti\u00f3n para la Competitividad de la EAESP-FGV, programa que ayud\u00f3 a implementar y coordinar con el GVces (Centro de Estudios de Sustentabilidad de la EAESP-FGV) de 2016 a 2020. Durante diez a\u00f1os, Trabaj\u00f3 en grandes empresas como Natura, Unilever y Bunge Alimentos en las \u00e1reas de Marketing, Branding y Educaci\u00f3n Corporativa. Hoy trabaja como consultora y coach con empresas privadas y del tercer sector en proyectos de educaci\u00f3n para la sustentabilidad, di\u00e1logo y relacionamiento con stakeholders y team building. Cre\u00f3 la red Sustentabilistas para ser un espacio para el desarrollo de los profesionales de la sustentabilidad en su totalidad.<\/p>\n<p><a href=\"http:\/\/lattes.cnpq.br\/6804378542206700\" target=\"_blank\" rel=\"noopener noreferrer\"><strong>Lattes del plan de estudios<\/strong><\/a><\/p>","protected":false},"excerpt":{"rendered":"<p>Ana Carolina es maestra y doctora en Estudios Organizacionales de la EAESP-FGV, con especializaciones en Gerencia en Harvard Extension School y Psicolog\u00eda Positiva en la Universidad de Pensilvania. Sus actividades de investigaci\u00f3n y pr\u00e1ctica incluyen los temas de Di\u00e1logo, Desarrollo Organizacional Dial\u00f3gico, Comunicaci\u00f3n No Violenta, Educaci\u00f3n para la Sostenibilidad, Transdisciplinariedad e Identidad del Profesional de la Sostenibilidad. Es profesora de la l\u00ednea de sustentabilidad de la Maestr\u00eda Profesional en Gesti\u00f3n para la Competitividad de la EAESP-FGV, programa que ayud\u00f3 a implementar y coordinar con el GVces (Centro de Estudios de Sustentabilidad de la EAESP-FGV) de 2016 a 2020. Durante diez a\u00f1os, Trabaj\u00f3 en grandes empresas como Natura, Unilever y Bunge Alimentos en las \u00e1reas de Marketing, Branding y Educaci\u00f3n Corporativa. Hoy trabaja como consultora y coach con empresas privadas y del tercer sector en proyectos de educaci\u00f3n para la sustentabilidad, di\u00e1logo y relacionamiento con stakeholders y team building. Cre\u00f3 la red Sustentabilistas para ser un espacio para el desarrollo de los profesionales de la sustentabilidad en su totalidad. Lattes del plan de estudios<\/p>\n","protected":false},"author":10,"featured_media":3938,"comment_status":"closed","ping_status":"closed","sticky":false,"template":"","format":"standard","meta":[],"categories":[135],"tags":[],"acf":[],"yoast_head":"<!-- This site is optimized with the Yoast SEO plugin v20.1 - https:\/\/yoast.com\/wordpress\/plugins\/seo\/ -->\n<title>Doctora Ana Carolina Aguiar - Mestrado Profissional em Ci\u00eancia da Sustentabilidade<\/title>\n<meta name=\"description\" content=\"Ana Carolina \u00e9 mestre e doutora em Estudos Organizacionais pela EAESP-FGV, com especializa\u00e7\u00f5es em Gest\u00e3o pela Harvard Extension School e Psicologia\" \/>\n<meta name=\"robots\" content=\"index, follow, max-snippet:-1, max-image-preview:large, max-video-preview:-1\" \/>\n<link rel=\"canonical\" href=\"https:\/\/mestradosustentabilidade.usuarios.rdc.puc-rio.br\/es\/docente\/profa-ana-carolina-aguiar-2\/\" \/>\n<meta property=\"og:locale\" content=\"es_ES\" \/>\n<meta property=\"og:type\" content=\"article\" \/>\n<meta property=\"og:title\" content=\"Doctora Ana Carolina Aguiar - Mestrado Profissional em Ci\u00eancia da Sustentabilidade\" \/>\n<meta property=\"og:description\" content=\"Ana Carolina \u00e9 mestre e doutora em Estudos Organizacionais pela EAESP-FGV, com especializa\u00e7\u00f5es em Gest\u00e3o pela Harvard Extension School e Psicologia\" \/>\n<meta property=\"og:url\" content=\"https:\/\/mestradosustentabilidade.usuarios.rdc.puc-rio.br\/docente\/profa-ana-carolina-aguiar-2\/\" \/>\n<meta property=\"og:site_name\" content=\"Mestrado Profissional em Ci\u00eancia da Sustentabilidade\" \/>\n<meta property=\"article:published_time\" content=\"2025-06-03T17:00:20+00:00\" \/>\n<meta property=\"article:modified_time\" content=\"2025-10-10T14:01:22+00:00\" \/>\n<meta property=\"og:image\" content=\"http:\/\/mestradosustentabilidade.usuarios.rdc.puc-rio.br\/wp-content\/uploads\/2022\/06\/Professora-Ana-Carolina-Aguiar-e1676397376299.jpeg\" \/>\n\t<meta property=\"og:image:width\" content=\"661\" \/>\n\t<meta property=\"og:image:height\" content=\"661\" \/>\n\t<meta property=\"og:image:type\" content=\"image\/jpeg\" \/>\n<meta name=\"author\" content=\"Ana Castro\" \/>\n<meta name=\"twitter:card\" content=\"summary_large_image\" \/>\n<meta name=\"twitter:label1\" content=\"Written by\" \/>\n\t<meta name=\"twitter:data1\" content=\"Ana Castro\" \/>\n\t<meta name=\"twitter:label2\" content=\"Est. reading time\" \/>\n\t<meta name=\"twitter:data2\" content=\"3 minutes\" \/>\n<script type=\"application\/ld+json\" class=\"yoast-schema-graph\">{\"@context\":\"https:\/\/schema.org\",\"@graph\":[{\"@type\":\"Article\",\"@id\":\"https:\/\/mestradosustentabilidade.usuarios.rdc.puc-rio.br\/docente\/profa-ana-carolina-aguiar-2\/#article\",\"isPartOf\":{\"@id\":\"https:\/\/mestradosustentabilidade.usuarios.rdc.puc-rio.br\/docente\/profa-ana-carolina-aguiar-2\/\"},\"author\":{\"name\":\"Ana Castro\",\"@id\":\"https:\/\/mestradosustentabilidade.usuarios.rdc.puc-rio.br\/#\/schema\/person\/64bbd377dbbb9139419e4bf170072cf4\"},\"headline\":\"Doctora Ana Carolina Aguiar\",\"datePublished\":\"2025-06-03T17:00:20+00:00\",\"dateModified\":\"2025-10-10T14:01:22+00:00\",\"mainEntityOfPage\":{\"@id\":\"https:\/\/mestradosustentabilidade.usuarios.rdc.puc-rio.br\/docente\/profa-ana-carolina-aguiar-2\/\"},\"wordCount\":528,\"publisher\":{\"@id\":\"https:\/\/mestradosustentabilidade.usuarios.rdc.puc-rio.br\/#organization\"},\"articleSection\":[\"Corpo Docente\"],\"inLanguage\":\"es-ES\"},{\"@type\":\"WebPage\",\"@id\":\"https:\/\/mestradosustentabilidade.usuarios.rdc.puc-rio.br\/docente\/profa-ana-carolina-aguiar-2\/\",\"url\":\"https:\/\/mestradosustentabilidade.usuarios.rdc.puc-rio.br\/docente\/profa-ana-carolina-aguiar-2\/\",\"name\":\"Doctora Ana Carolina Aguiar - Mestrado Profissional em Ci\u00eancia da Sustentabilidade\",\"isPartOf\":{\"@id\":\"https:\/\/mestradosustentabilidade.usuarios.rdc.puc-rio.br\/#website\"},\"datePublished\":\"2025-06-03T17:00:20+00:00\",\"dateModified\":\"2025-10-10T14:01:22+00:00\",\"description\":\"Ana Carolina \u00e9 mestre e doutora em Estudos Organizacionais pela EAESP-FGV, com especializa\u00e7\u00f5es em Gest\u00e3o pela Harvard Extension School e Psicologia\",\"breadcrumb\":{\"@id\":\"https:\/\/mestradosustentabilidade.usuarios.rdc.puc-rio.br\/docente\/profa-ana-carolina-aguiar-2\/#breadcrumb\"},\"inLanguage\":\"es-ES\",\"potentialAction\":[{\"@type\":\"ReadAction\",\"target\":[\"https:\/\/mestradosustentabilidade.usuarios.rdc.puc-rio.br\/docente\/profa-ana-carolina-aguiar-2\/\"]}]},{\"@type\":\"BreadcrumbList\",\"@id\":\"https:\/\/mestradosustentabilidade.usuarios.rdc.puc-rio.br\/docente\/profa-ana-carolina-aguiar-2\/#breadcrumb\",\"itemListElement\":[{\"@type\":\"ListItem\",\"position\":1,\"name\":\"Home\",\"item\":\"https:\/\/mestradosustentabilidade.usuarios.rdc.puc-rio.br\/\"},{\"@type\":\"ListItem\",\"position\":2,\"name\":\"Dr\u00aa. Ana Carolina Aguiar\"}]},{\"@type\":\"WebSite\",\"@id\":\"https:\/\/mestradosustentabilidade.usuarios.rdc.puc-rio.br\/#website\",\"url\":\"https:\/\/mestradosustentabilidade.usuarios.rdc.puc-rio.br\/\",\"name\":\"Mestrado Profissional em Ci\u00eancia da Sustentabilidade\",\"description\":\"O Mestrado Profissional em Ci\u00eancia da Sustentabilidade \u00e9 o primeiro curso de p\u00f3s-gradua\u00e7\u00e3o do Brasil voltado para a Ci\u00eancias da Sustentabilidade\",\"publisher\":{\"@id\":\"https:\/\/mestradosustentabilidade.usuarios.rdc.puc-rio.br\/#organization\"},\"potentialAction\":[{\"@type\":\"SearchAction\",\"target\":{\"@type\":\"EntryPoint\",\"urlTemplate\":\"https:\/\/mestradosustentabilidade.usuarios.rdc.puc-rio.br\/?s={search_term_string}\"},\"query-input\":\"required name=search_term_string\"}],\"inLanguage\":\"es-ES\"},{\"@type\":\"Organization\",\"@id\":\"https:\/\/mestradosustentabilidade.usuarios.rdc.puc-rio.br\/#organization\",\"name\":\"MPCS\",\"url\":\"https:\/\/mestradosustentabilidade.usuarios.rdc.puc-rio.br\/\",\"logo\":{\"@type\":\"ImageObject\",\"inLanguage\":\"es-ES\",\"@id\":\"https:\/\/mestradosustentabilidade.usuarios.rdc.puc-rio.br\/#\/schema\/logo\/image\/\",\"url\":\"http:\/\/mestradosustentabilidade.usuarios.rdc.puc-rio.br\/wp-content\/uploads\/2024\/06\/favicon.jpg\",\"contentUrl\":\"http:\/\/mestradosustentabilidade.usuarios.rdc.puc-rio.br\/wp-content\/uploads\/2024\/06\/favicon.jpg\",\"width\":512,\"height\":512,\"caption\":\"MPCS\"},\"image\":{\"@id\":\"https:\/\/mestradosustentabilidade.usuarios.rdc.puc-rio.br\/#\/schema\/logo\/image\/\"}},{\"@type\":\"Person\",\"@id\":\"https:\/\/mestradosustentabilidade.usuarios.rdc.puc-rio.br\/#\/schema\/person\/64bbd377dbbb9139419e4bf170072cf4\",\"name\":\"Ana Castro\"}]}<\/script>\n<!-- \/ Yoast SEO plugin. -->","yoast_head_json":{"title":"Doctora Ana Carolina Aguiar - Mestrado Profissional em Ci\u00eancia da Sustentabilidade","description":"Ana Carolina \u00e9 mestre e doutora em Estudos Organizacionais pela EAESP-FGV, com especializa\u00e7\u00f5es em Gest\u00e3o pela Harvard Extension School e Psicologia","robots":{"index":"index","follow":"follow","max-snippet":"max-snippet:-1","max-image-preview":"max-image-preview:large","max-video-preview":"max-video-preview:-1"},"canonical":"https:\/\/mestradosustentabilidade.usuarios.rdc.puc-rio.br\/es\/docente\/profa-ana-carolina-aguiar-2\/","og_locale":"es_ES","og_type":"article","og_title":"Doctora Ana Carolina Aguiar - Mestrado Profissional em Ci\u00eancia da Sustentabilidade","og_description":"Ana Carolina \u00e9 mestre e doutora em Estudos Organizacionais pela EAESP-FGV, com especializa\u00e7\u00f5es em Gest\u00e3o pela Harvard Extension School e Psicologia","og_url":"https:\/\/mestradosustentabilidade.usuarios.rdc.puc-rio.br\/docente\/profa-ana-carolina-aguiar-2\/","og_site_name":"Mestrado Profissional em Ci\u00eancia da Sustentabilidade","article_published_time":"2025-06-03T17:00:20+00:00","article_modified_time":"2025-10-10T14:01:22+00:00","og_image":[{"width":661,"height":661,"url":"http:\/\/mestradosustentabilidade.usuarios.rdc.puc-rio.br\/wp-content\/uploads\/2022\/06\/Professora-Ana-Carolina-Aguiar-e1676397376299.jpeg","type":"image\/jpeg"}],"author":"Ana Castro","twitter_card":"summary_large_image","twitter_misc":{"Written by":"Ana Castro","Est. reading time":"3 minutes"},"schema":{"@context":"https:\/\/schema.org","@graph":[{"@type":"Article","@id":"https:\/\/mestradosustentabilidade.usuarios.rdc.puc-rio.br\/docente\/profa-ana-carolina-aguiar-2\/#article","isPartOf":{"@id":"https:\/\/mestradosustentabilidade.usuarios.rdc.puc-rio.br\/docente\/profa-ana-carolina-aguiar-2\/"},"author":{"name":"Ana Castro","@id":"https:\/\/mestradosustentabilidade.usuarios.rdc.puc-rio.br\/#\/schema\/person\/64bbd377dbbb9139419e4bf170072cf4"},"headline":"Doctora Ana Carolina Aguiar","datePublished":"2025-06-03T17:00:20+00:00","dateModified":"2025-10-10T14:01:22+00:00","mainEntityOfPage":{"@id":"https:\/\/mestradosustentabilidade.usuarios.rdc.puc-rio.br\/docente\/profa-ana-carolina-aguiar-2\/"},"wordCount":528,"publisher":{"@id":"https:\/\/mestradosustentabilidade.usuarios.rdc.puc-rio.br\/#organization"},"articleSection":["Corpo Docente"],"inLanguage":"es-ES"},{"@type":"WebPage","@id":"https:\/\/mestradosustentabilidade.usuarios.rdc.puc-rio.br\/docente\/profa-ana-carolina-aguiar-2\/","url":"https:\/\/mestradosustentabilidade.usuarios.rdc.puc-rio.br\/docente\/profa-ana-carolina-aguiar-2\/","name":"Doctora Ana Carolina Aguiar - Mestrado Profissional em Ci\u00eancia da Sustentabilidade","isPartOf":{"@id":"https:\/\/mestradosustentabilidade.usuarios.rdc.puc-rio.br\/#website"},"datePublished":"2025-06-03T17:00:20+00:00","dateModified":"2025-10-10T14:01:22+00:00","description":"Ana Carolina \u00e9 mestre e doutora em Estudos Organizacionais pela EAESP-FGV, com especializa\u00e7\u00f5es em Gest\u00e3o pela Harvard Extension School e Psicologia","breadcrumb":{"@id":"https:\/\/mestradosustentabilidade.usuarios.rdc.puc-rio.br\/docente\/profa-ana-carolina-aguiar-2\/#breadcrumb"},"inLanguage":"es-ES","potentialAction":[{"@type":"ReadAction","target":["https:\/\/mestradosustentabilidade.usuarios.rdc.puc-rio.br\/docente\/profa-ana-carolina-aguiar-2\/"]}]},{"@type":"BreadcrumbList","@id":"https:\/\/mestradosustentabilidade.usuarios.rdc.puc-rio.br\/docente\/profa-ana-carolina-aguiar-2\/#breadcrumb","itemListElement":[{"@type":"ListItem","position":1,"name":"Home","item":"https:\/\/mestradosustentabilidade.usuarios.rdc.puc-rio.br\/"},{"@type":"ListItem","position":2,"name":"Dr\u00aa. Ana Carolina Aguiar"}]},{"@type":"WebSite","@id":"https:\/\/mestradosustentabilidade.usuarios.rdc.puc-rio.br\/#website","url":"https:\/\/mestradosustentabilidade.usuarios.rdc.puc-rio.br\/","name":"Mestrado Profissional em Ci\u00eancia da Sustentabilidade","description":"O Mestrado Profissional em Ci\u00eancia da Sustentabilidade \u00e9 o primeiro curso de p\u00f3s-gradua\u00e7\u00e3o do Brasil voltado para a Ci\u00eancias da Sustentabilidade","publisher":{"@id":"https:\/\/mestradosustentabilidade.usuarios.rdc.puc-rio.br\/#organization"},"potentialAction":[{"@type":"SearchAction","target":{"@type":"EntryPoint","urlTemplate":"https:\/\/mestradosustentabilidade.usuarios.rdc.puc-rio.br\/?s={search_term_string}"},"query-input":"required name=search_term_string"}],"inLanguage":"es-ES"},{"@type":"Organization","@id":"https:\/\/mestradosustentabilidade.usuarios.rdc.puc-rio.br\/#organization","name":"MPCS","url":"https:\/\/mestradosustentabilidade.usuarios.rdc.puc-rio.br\/","logo":{"@type":"ImageObject","inLanguage":"es-ES","@id":"https:\/\/mestradosustentabilidade.usuarios.rdc.puc-rio.br\/#\/schema\/logo\/image\/","url":"http:\/\/mestradosustentabilidade.usuarios.rdc.puc-rio.br\/wp-content\/uploads\/2024\/06\/favicon.jpg","contentUrl":"http:\/\/mestradosustentabilidade.usuarios.rdc.puc-rio.br\/wp-content\/uploads\/2024\/06\/favicon.jpg","width":512,"height":512,"caption":"MPCS"},"image":{"@id":"https:\/\/mestradosustentabilidade.usuarios.rdc.puc-rio.br\/#\/schema\/logo\/image\/"}},{"@type":"Person","@id":"https:\/\/mestradosustentabilidade.usuarios.rdc.puc-rio.br\/#\/schema\/person\/64bbd377dbbb9139419e4bf170072cf4","name":"Ana Castro"}]}},"_links":{"self":[{"href":"https:\/\/mestradosustentabilidade.usuarios.rdc.puc-rio.br\/es\/wp-json\/wp\/v2\/posts\/3937"}],"collection":[{"href":"https:\/\/mestradosustentabilidade.usuarios.rdc.puc-rio.br\/es\/wp-json\/wp\/v2\/posts"}],"about":[{"href":"https:\/\/mestradosustentabilidade.usuarios.rdc.puc-rio.br\/es\/wp-json\/wp\/v2\/types\/post"}],"author":[{"embeddable":true,"href":"https:\/\/mestradosustentabilidade.usuarios.rdc.puc-rio.br\/es\/wp-json\/wp\/v2\/users\/10"}],"replies":[{"embeddable":true,"href":"https:\/\/mestradosustentabilidade.usuarios.rdc.puc-rio.br\/es\/wp-json\/wp\/v2\/comments?post=3937"}],"version-history":[{"count":8,"href":"https:\/\/mestradosustentabilidade.usuarios.rdc.puc-rio.br\/es\/wp-json\/wp\/v2\/posts\/3937\/revisions"}],"predecessor-version":[{"id":5582,"href":"https:\/\/mestradosustentabilidade.usuarios.rdc.puc-rio.br\/es\/wp-json\/wp\/v2\/posts\/3937\/revisions\/5582"}],"wp:featuredmedia":[{"embeddable":true,"href":"https:\/\/mestradosustentabilidade.usuarios.rdc.puc-rio.br\/es\/wp-json\/wp\/v2\/media\/3938"}],"wp:attachment":[{"href":"https:\/\/mestradosustentabilidade.usuarios.rdc.puc-rio.br\/es\/wp-json\/wp\/v2\/media?parent=3937"}],"wp:term":[{"taxonomy":"category","embeddable":true,"href":"https:\/\/mestradosustentabilidade.usuarios.rdc.puc-rio.br\/es\/wp-json\/wp\/v2\/categories?post=3937"},{"taxonomy":"post_tag","embeddable":true,"href":"https:\/\/mestradosustentabilidade.usuarios.rdc.puc-rio.br\/es\/wp-json\/wp\/v2\/tags?post=3937"}],"curies":[{"name":"wp","href":"https:\/\/api.w.org\/{rel}","templated":true}]}}