{"id":3257,"date":"2025-05-28T14:52:36","date_gmt":"2025-05-28T17:52:36","guid":{"rendered":"http:\/\/mestradosustentabilidade.usuarios.rdc.puc-rio.br\/?p=3257"},"modified":"2025-06-03T14:08:10","modified_gmt":"2025-06-03T17:08:10","slug":"prof-dr-bernardo-baeta-neves-strassburg","status":"publish","type":"post","link":"https:\/\/mestradosustentabilidade.usuarios.rdc.puc-rio.br\/es\/docente\/prof-dr-bernardo-baeta-neves-strassburg\/","title":{"rendered":"Doctor Bernardo Baeta Neves Estrasburgo"},"content":{"rendered":"<p>Bernardo Strassburg es economista con maestr\u00eda en planificaci\u00f3n ambiental de la Universidad Federal de R\u00edo de Janeiro (UFRJ) y doctor en Ciencias Ambientales de la Universidad de East Anglia (Reino Unido). Bernardo es actualmente Profesor del Departamento de Geograf\u00eda y Medio Ambiente de la Pontificia Universidad Cat\u00f3lica de R\u00edo de Janeiro (PUC-Rio), Coordinador del Centro de Ciencias de la Conservaci\u00f3n y Sostenibilidad de R\u00edo (CSRio\/PUC-RJ) y fundador y director ejecutivo de la Instituto Internacional para la Sostenibilidad (IIS). Investigador en el \u00e1rea de Ciencias de la Sostenibilidad, su investigaci\u00f3n concilia aspectos econ\u00f3micos, ecol\u00f3gicos y de inteligencia espacial en aproximaciones a sistemas socioecol\u00f3gicos. Est\u00e1 dedicado a la transici\u00f3n hacia la sostenibilidad, especialmente en los desaf\u00edos y sinergias relacionados con la conservaci\u00f3n de la biodiversidad, el cambio clim\u00e1tico y la sostenibilidad socioecon\u00f3mica. Bernardo apoya pol\u00edticas p\u00fablicas de gobiernos locales y nacionales y organismos multilaterales como las Convenciones de Biodiversidad y Cambio Clim\u00e1tico de las Naciones Unidas y el Banco Mundial, adem\u00e1s de organizaciones del tercer sector.<\/p>\n<p><a href=\"http:\/\/lattes.cnpq.br\/3954582460916396\" target=\"_blank\" rel=\"noopener noreferrer\">Lattes del plan de estudios<\/a><\/p>","protected":false},"excerpt":{"rendered":"<p>Bernardo Strassburg es economista con maestr\u00eda en planificaci\u00f3n ambiental de la Universidad Federal de R\u00edo de Janeiro (UFRJ) y doctor en Ciencias Ambientales de la Universidad de East Anglia (Reino Unido). Bernardo es actualmente Profesor del Departamento de Geograf\u00eda y Medio Ambiente de la Pontificia Universidad Cat\u00f3lica de R\u00edo de Janeiro (PUC-Rio), Coordinador del Centro de Ciencias de la Conservaci\u00f3n y Sostenibilidad de R\u00edo (CSRio\/PUC-RJ) y fundador y director ejecutivo de la Instituto Internacional para la Sostenibilidad (IIS). Investigador en el \u00e1rea de Ciencias de la Sostenibilidad, su investigaci\u00f3n concilia aspectos econ\u00f3micos, ecol\u00f3gicos y de inteligencia espacial en aproximaciones a sistemas socioecol\u00f3gicos. Est\u00e1 dedicado a la transici\u00f3n hacia la sostenibilidad, especialmente en los desaf\u00edos y sinergias relacionados con la conservaci\u00f3n de la biodiversidad, el cambio clim\u00e1tico y la sostenibilidad socioecon\u00f3mica. Bernardo apoya pol\u00edticas p\u00fablicas de gobiernos locales y nacionales y organismos multilaterales como las Convenciones de Biodiversidad y Cambio Clim\u00e1tico de las Naciones Unidas y el Banco Mundial, adem\u00e1s de organizaciones del tercer sector. Lattes del plan de estudios<\/p>\n","protected":false},"author":1,"featured_media":3031,"comment_status":"open","ping_status":"open","sticky":false,"template":"","format":"standard","meta":[],"categories":[135],"tags":[],"acf":[],"yoast_head":"<!-- This site is optimized with the Yoast SEO plugin v20.1 - https:\/\/yoast.com\/wordpress\/plugins\/seo\/ -->\n<title>Doctor Bernardo Baeta Neves Estrasburgo - Mestrado Profissional em Ci\u00eancia da Sustentabilidade<\/title>\n<meta name=\"description\" content=\"Bernardo Strassburg \u00e9 economista com mestrado em planejamento ambiental na Universidade Federal do Rio de Janeiro (UFRJ) e doutorado em Ci\u00eancias\" \/>\n<meta name=\"robots\" content=\"index, follow, max-snippet:-1, max-image-preview:large, max-video-preview:-1\" \/>\n<link rel=\"canonical\" href=\"https:\/\/mestradosustentabilidade.usuarios.rdc.puc-rio.br\/es\/docente\/prof-dr-bernardo-baeta-neves-strassburg\/\" \/>\n<meta property=\"og:locale\" content=\"es_ES\" \/>\n<meta property=\"og:type\" content=\"article\" \/>\n<meta property=\"og:title\" content=\"Doctor Bernardo Baeta Neves Estrasburgo - Mestrado Profissional em Ci\u00eancia da Sustentabilidade\" \/>\n<meta property=\"og:description\" content=\"Bernardo Strassburg \u00e9 economista com mestrado em planejamento ambiental na Universidade Federal do Rio de Janeiro (UFRJ) e doutorado em Ci\u00eancias\" \/>\n<meta property=\"og:url\" content=\"https:\/\/mestradosustentabilidade.usuarios.rdc.puc-rio.br\/docente\/prof-dr-bernardo-baeta-neves-strassburg\/\" \/>\n<meta property=\"og:site_name\" content=\"Mestrado Profissional em Ci\u00eancia da Sustentabilidade\" \/>\n<meta property=\"article:published_time\" content=\"2025-05-28T17:52:36+00:00\" \/>\n<meta property=\"article:modified_time\" content=\"2025-06-03T17:08:10+00:00\" \/>\n<meta property=\"og:image\" content=\"http:\/\/mestradosustentabilidade.usuarios.rdc.puc-rio.br\/wp-content\/uploads\/2018\/09\/Foto-bernardo-para-site-1170x1170.jpg\" \/>\n\t<meta property=\"og:image:width\" content=\"1170\" \/>\n\t<meta property=\"og:image:height\" content=\"1170\" \/>\n\t<meta property=\"og:image:type\" content=\"image\/jpeg\" \/>\n<meta name=\"author\" content=\"Fernando Grossman\" \/>\n<meta name=\"twitter:card\" content=\"summary_large_image\" \/>\n<meta name=\"twitter:label1\" content=\"Written by\" \/>\n\t<meta name=\"twitter:data1\" content=\"Fernando Grossman\" \/>\n\t<meta name=\"twitter:label2\" content=\"Est. reading time\" \/>\n\t<meta name=\"twitter:data2\" content=\"3 minutes\" \/>\n<script type=\"application\/ld+json\" class=\"yoast-schema-graph\">{\"@context\":\"https:\/\/schema.org\",\"@graph\":[{\"@type\":\"Article\",\"@id\":\"https:\/\/mestradosustentabilidade.usuarios.rdc.puc-rio.br\/docente\/prof-dr-bernardo-baeta-neves-strassburg\/#article\",\"isPartOf\":{\"@id\":\"https:\/\/mestradosustentabilidade.usuarios.rdc.puc-rio.br\/docente\/prof-dr-bernardo-baeta-neves-strassburg\/\"},\"author\":{\"name\":\"Fernando Grossman\",\"@id\":\"https:\/\/mestradosustentabilidade.usuarios.rdc.puc-rio.br\/#\/schema\/person\/36c4e1a03c4b7b49d588c2050d3e4d29\"},\"headline\":\"Doctor Bernardo Baeta Neves Estrasburgo\",\"datePublished\":\"2025-05-28T17:52:36+00:00\",\"dateModified\":\"2025-06-03T17:08:10+00:00\",\"mainEntityOfPage\":{\"@id\":\"https:\/\/mestradosustentabilidade.usuarios.rdc.puc-rio.br\/docente\/prof-dr-bernardo-baeta-neves-strassburg\/\"},\"wordCount\":545,\"commentCount\":0,\"publisher\":{\"@id\":\"https:\/\/mestradosustentabilidade.usuarios.rdc.puc-rio.br\/#organization\"},\"articleSection\":[\"Corpo Docente\"],\"inLanguage\":\"es-ES\",\"potentialAction\":[{\"@type\":\"CommentAction\",\"name\":\"Comment\",\"target\":[\"https:\/\/mestradosustentabilidade.usuarios.rdc.puc-rio.br\/docente\/prof-dr-bernardo-baeta-neves-strassburg\/#respond\"]}]},{\"@type\":\"WebPage\",\"@id\":\"https:\/\/mestradosustentabilidade.usuarios.rdc.puc-rio.br\/docente\/prof-dr-bernardo-baeta-neves-strassburg\/\",\"url\":\"https:\/\/mestradosustentabilidade.usuarios.rdc.puc-rio.br\/docente\/prof-dr-bernardo-baeta-neves-strassburg\/\",\"name\":\"Doctor Bernardo Baeta Neves Estrasburgo - Mestrado Profissional em Ci\u00eancia da Sustentabilidade\",\"isPartOf\":{\"@id\":\"https:\/\/mestradosustentabilidade.usuarios.rdc.puc-rio.br\/#website\"},\"datePublished\":\"2025-05-28T17:52:36+00:00\",\"dateModified\":\"2025-06-03T17:08:10+00:00\",\"description\":\"Bernardo Strassburg \u00e9 economista com mestrado em planejamento ambiental na Universidade Federal do Rio de Janeiro (UFRJ) e doutorado em Ci\u00eancias\",\"breadcrumb\":{\"@id\":\"https:\/\/mestradosustentabilidade.usuarios.rdc.puc-rio.br\/docente\/prof-dr-bernardo-baeta-neves-strassburg\/#breadcrumb\"},\"inLanguage\":\"es-ES\",\"potentialAction\":[{\"@type\":\"ReadAction\",\"target\":[\"https:\/\/mestradosustentabilidade.usuarios.rdc.puc-rio.br\/docente\/prof-dr-bernardo-baeta-neves-strassburg\/\"]}]},{\"@type\":\"BreadcrumbList\",\"@id\":\"https:\/\/mestradosustentabilidade.usuarios.rdc.puc-rio.br\/docente\/prof-dr-bernardo-baeta-neves-strassburg\/#breadcrumb\",\"itemListElement\":[{\"@type\":\"ListItem\",\"position\":1,\"name\":\"Home\",\"item\":\"https:\/\/mestradosustentabilidade.usuarios.rdc.puc-rio.br\/\"},{\"@type\":\"ListItem\",\"position\":2,\"name\":\"Dr. Bernardo Baeta Neves Strassburg\"}]},{\"@type\":\"WebSite\",\"@id\":\"https:\/\/mestradosustentabilidade.usuarios.rdc.puc-rio.br\/#website\",\"url\":\"https:\/\/mestradosustentabilidade.usuarios.rdc.puc-rio.br\/\",\"name\":\"Mestrado Profissional em Ci\u00eancia da Sustentabilidade\",\"description\":\"O Mestrado Profissional em Ci\u00eancia da Sustentabilidade \u00e9 o primeiro curso de p\u00f3s-gradua\u00e7\u00e3o do Brasil voltado para a Ci\u00eancias da Sustentabilidade\",\"publisher\":{\"@id\":\"https:\/\/mestradosustentabilidade.usuarios.rdc.puc-rio.br\/#organization\"},\"potentialAction\":[{\"@type\":\"SearchAction\",\"target\":{\"@type\":\"EntryPoint\",\"urlTemplate\":\"https:\/\/mestradosustentabilidade.usuarios.rdc.puc-rio.br\/?s={search_term_string}\"},\"query-input\":\"required name=search_term_string\"}],\"inLanguage\":\"es-ES\"},{\"@type\":\"Organization\",\"@id\":\"https:\/\/mestradosustentabilidade.usuarios.rdc.puc-rio.br\/#organization\",\"name\":\"MPCS\",\"url\":\"https:\/\/mestradosustentabilidade.usuarios.rdc.puc-rio.br\/\",\"logo\":{\"@type\":\"ImageObject\",\"inLanguage\":\"es-ES\",\"@id\":\"https:\/\/mestradosustentabilidade.usuarios.rdc.puc-rio.br\/#\/schema\/logo\/image\/\",\"url\":\"http:\/\/mestradosustentabilidade.usuarios.rdc.puc-rio.br\/wp-content\/uploads\/2024\/06\/favicon.jpg\",\"contentUrl\":\"http:\/\/mestradosustentabilidade.usuarios.rdc.puc-rio.br\/wp-content\/uploads\/2024\/06\/favicon.jpg\",\"width\":512,\"height\":512,\"caption\":\"MPCS\"},\"image\":{\"@id\":\"https:\/\/mestradosustentabilidade.usuarios.rdc.puc-rio.br\/#\/schema\/logo\/image\/\"}},{\"@type\":\"Person\",\"@id\":\"https:\/\/mestradosustentabilidade.usuarios.rdc.puc-rio.br\/#\/schema\/person\/36c4e1a03c4b7b49d588c2050d3e4d29\",\"name\":\"Fernando Grossman\"}]}<\/script>\n<!-- \/ Yoast SEO plugin. -->","yoast_head_json":{"title":"Doctor Bernardo Baeta Neves Estrasburgo - Mestrado Profissional em Ci\u00eancia da Sustentabilidade","description":"Bernardo Strassburg \u00e9 economista com mestrado em planejamento ambiental na Universidade Federal do Rio de Janeiro (UFRJ) e doutorado em Ci\u00eancias","robots":{"index":"index","follow":"follow","max-snippet":"max-snippet:-1","max-image-preview":"max-image-preview:large","max-video-preview":"max-video-preview:-1"},"canonical":"https:\/\/mestradosustentabilidade.usuarios.rdc.puc-rio.br\/es\/docente\/prof-dr-bernardo-baeta-neves-strassburg\/","og_locale":"es_ES","og_type":"article","og_title":"Doctor Bernardo Baeta Neves Estrasburgo - Mestrado Profissional em Ci\u00eancia da Sustentabilidade","og_description":"Bernardo Strassburg \u00e9 economista com mestrado em planejamento ambiental na Universidade Federal do Rio de Janeiro (UFRJ) e doutorado em Ci\u00eancias","og_url":"https:\/\/mestradosustentabilidade.usuarios.rdc.puc-rio.br\/docente\/prof-dr-bernardo-baeta-neves-strassburg\/","og_site_name":"Mestrado Profissional em Ci\u00eancia da Sustentabilidade","article_published_time":"2025-05-28T17:52:36+00:00","article_modified_time":"2025-06-03T17:08:10+00:00","og_image":[{"width":1170,"height":1170,"url":"http:\/\/mestradosustentabilidade.usuarios.rdc.puc-rio.br\/wp-content\/uploads\/2018\/09\/Foto-bernardo-para-site-1170x1170.jpg","type":"image\/jpeg"}],"author":"Fernando Grossman","twitter_card":"summary_large_image","twitter_misc":{"Written by":"Fernando Grossman","Est. reading time":"3 minutes"},"schema":{"@context":"https:\/\/schema.org","@graph":[{"@type":"Article","@id":"https:\/\/mestradosustentabilidade.usuarios.rdc.puc-rio.br\/docente\/prof-dr-bernardo-baeta-neves-strassburg\/#article","isPartOf":{"@id":"https:\/\/mestradosustentabilidade.usuarios.rdc.puc-rio.br\/docente\/prof-dr-bernardo-baeta-neves-strassburg\/"},"author":{"name":"Fernando Grossman","@id":"https:\/\/mestradosustentabilidade.usuarios.rdc.puc-rio.br\/#\/schema\/person\/36c4e1a03c4b7b49d588c2050d3e4d29"},"headline":"Doctor Bernardo Baeta Neves Estrasburgo","datePublished":"2025-05-28T17:52:36+00:00","dateModified":"2025-06-03T17:08:10+00:00","mainEntityOfPage":{"@id":"https:\/\/mestradosustentabilidade.usuarios.rdc.puc-rio.br\/docente\/prof-dr-bernardo-baeta-neves-strassburg\/"},"wordCount":545,"commentCount":0,"publisher":{"@id":"https:\/\/mestradosustentabilidade.usuarios.rdc.puc-rio.br\/#organization"},"articleSection":["Corpo Docente"],"inLanguage":"es-ES","potentialAction":[{"@type":"CommentAction","name":"Comment","target":["https:\/\/mestradosustentabilidade.usuarios.rdc.puc-rio.br\/docente\/prof-dr-bernardo-baeta-neves-strassburg\/#respond"]}]},{"@type":"WebPage","@id":"https:\/\/mestradosustentabilidade.usuarios.rdc.puc-rio.br\/docente\/prof-dr-bernardo-baeta-neves-strassburg\/","url":"https:\/\/mestradosustentabilidade.usuarios.rdc.puc-rio.br\/docente\/prof-dr-bernardo-baeta-neves-strassburg\/","name":"Doctor Bernardo Baeta Neves Estrasburgo - Mestrado Profissional em Ci\u00eancia da Sustentabilidade","isPartOf":{"@id":"https:\/\/mestradosustentabilidade.usuarios.rdc.puc-rio.br\/#website"},"datePublished":"2025-05-28T17:52:36+00:00","dateModified":"2025-06-03T17:08:10+00:00","description":"Bernardo Strassburg \u00e9 economista com mestrado em planejamento ambiental na Universidade Federal do Rio de Janeiro (UFRJ) e doutorado em Ci\u00eancias","breadcrumb":{"@id":"https:\/\/mestradosustentabilidade.usuarios.rdc.puc-rio.br\/docente\/prof-dr-bernardo-baeta-neves-strassburg\/#breadcrumb"},"inLanguage":"es-ES","potentialAction":[{"@type":"ReadAction","target":["https:\/\/mestradosustentabilidade.usuarios.rdc.puc-rio.br\/docente\/prof-dr-bernardo-baeta-neves-strassburg\/"]}]},{"@type":"BreadcrumbList","@id":"https:\/\/mestradosustentabilidade.usuarios.rdc.puc-rio.br\/docente\/prof-dr-bernardo-baeta-neves-strassburg\/#breadcrumb","itemListElement":[{"@type":"ListItem","position":1,"name":"Home","item":"https:\/\/mestradosustentabilidade.usuarios.rdc.puc-rio.br\/"},{"@type":"ListItem","position":2,"name":"Dr. Bernardo Baeta Neves Strassburg"}]},{"@type":"WebSite","@id":"https:\/\/mestradosustentabilidade.usuarios.rdc.puc-rio.br\/#website","url":"https:\/\/mestradosustentabilidade.usuarios.rdc.puc-rio.br\/","name":"Mestrado Profissional em Ci\u00eancia da Sustentabilidade","description":"O Mestrado Profissional em Ci\u00eancia da Sustentabilidade \u00e9 o primeiro curso de p\u00f3s-gradua\u00e7\u00e3o do Brasil voltado para a Ci\u00eancias da Sustentabilidade","publisher":{"@id":"https:\/\/mestradosustentabilidade.usuarios.rdc.puc-rio.br\/#organization"},"potentialAction":[{"@type":"SearchAction","target":{"@type":"EntryPoint","urlTemplate":"https:\/\/mestradosustentabilidade.usuarios.rdc.puc-rio.br\/?s={search_term_string}"},"query-input":"required name=search_term_string"}],"inLanguage":"es-ES"},{"@type":"Organization","@id":"https:\/\/mestradosustentabilidade.usuarios.rdc.puc-rio.br\/#organization","name":"MPCS","url":"https:\/\/mestradosustentabilidade.usuarios.rdc.puc-rio.br\/","logo":{"@type":"ImageObject","inLanguage":"es-ES","@id":"https:\/\/mestradosustentabilidade.usuarios.rdc.puc-rio.br\/#\/schema\/logo\/image\/","url":"http:\/\/mestradosustentabilidade.usuarios.rdc.puc-rio.br\/wp-content\/uploads\/2024\/06\/favicon.jpg","contentUrl":"http:\/\/mestradosustentabilidade.usuarios.rdc.puc-rio.br\/wp-content\/uploads\/2024\/06\/favicon.jpg","width":512,"height":512,"caption":"MPCS"},"image":{"@id":"https:\/\/mestradosustentabilidade.usuarios.rdc.puc-rio.br\/#\/schema\/logo\/image\/"}},{"@type":"Person","@id":"https:\/\/mestradosustentabilidade.usuarios.rdc.puc-rio.br\/#\/schema\/person\/36c4e1a03c4b7b49d588c2050d3e4d29","name":"Fernando Grossman"}]}},"_links":{"self":[{"href":"https:\/\/mestradosustentabilidade.usuarios.rdc.puc-rio.br\/es\/wp-json\/wp\/v2\/posts\/3257"}],"collection":[{"href":"https:\/\/mestradosustentabilidade.usuarios.rdc.puc-rio.br\/es\/wp-json\/wp\/v2\/posts"}],"about":[{"href":"https:\/\/mestradosustentabilidade.usuarios.rdc.puc-rio.br\/es\/wp-json\/wp\/v2\/types\/post"}],"author":[{"embeddable":true,"href":"https:\/\/mestradosustentabilidade.usuarios.rdc.puc-rio.br\/es\/wp-json\/wp\/v2\/users\/1"}],"replies":[{"embeddable":true,"href":"https:\/\/mestradosustentabilidade.usuarios.rdc.puc-rio.br\/es\/wp-json\/wp\/v2\/comments?post=3257"}],"version-history":[{"count":5,"href":"https:\/\/mestradosustentabilidade.usuarios.rdc.puc-rio.br\/es\/wp-json\/wp\/v2\/posts\/3257\/revisions"}],"predecessor-version":[{"id":4565,"href":"https:\/\/mestradosustentabilidade.usuarios.rdc.puc-rio.br\/es\/wp-json\/wp\/v2\/posts\/3257\/revisions\/4565"}],"wp:featuredmedia":[{"embeddable":true,"href":"https:\/\/mestradosustentabilidade.usuarios.rdc.puc-rio.br\/es\/wp-json\/wp\/v2\/media\/3031"}],"wp:attachment":[{"href":"https:\/\/mestradosustentabilidade.usuarios.rdc.puc-rio.br\/es\/wp-json\/wp\/v2\/media?parent=3257"}],"wp:term":[{"taxonomy":"category","embeddable":true,"href":"https:\/\/mestradosustentabilidade.usuarios.rdc.puc-rio.br\/es\/wp-json\/wp\/v2\/categories?post=3257"},{"taxonomy":"post_tag","embeddable":true,"href":"https:\/\/mestradosustentabilidade.usuarios.rdc.puc-rio.br\/es\/wp-json\/wp\/v2\/tags?post=3257"}],"curies":[{"name":"wp","href":"https:\/\/api.w.org\/{rel}","templated":true}]}}