{"id":3245,"date":"2025-05-27T13:23:05","date_gmt":"2025-05-27T16:23:05","guid":{"rendered":"http:\/\/mestradosustentabilidade.usuarios.rdc.puc-rio.br\/?p=3245"},"modified":"2025-06-03T14:08:59","modified_gmt":"2025-06-03T17:08:59","slug":"dr-carlos-alberto-de-mattos-scaramuzza","status":"publish","type":"post","link":"https:\/\/mestradosustentabilidade.usuarios.rdc.puc-rio.br\/es\/docente\/dr-carlos-alberto-de-mattos-scaramuzza\/","title":{"rendered":"Doctor Carlos Alberto de Mattos Scaramuzza"},"content":{"rendered":"<p>Graduado en Geograf\u00eda por la Pontificia Universidad Cat\u00f3lica de R\u00edo de Janeiro<br \/>\ny maestr\u00eda en Bot\u00e1nica por la Escuela Nacional de Bot\u00e1nica Tropical del Instituto de Pesquisas Jard\u00edn Bot\u00e1nico de R\u00edo de Janeiro, donde se realizaron investigaciones en el \u00e1rea de Historia Ambiental de Bosque Atl\u00e1ntico. La tesis doctoral se realiz\u00f3 en el Programa de Posgrado en Ecolog\u00eda de la Universidad de Brasilia, habiendo realizado investigaciones en el \u00e1rea de Fitogeograf\u00eda y Ecolog\u00eda de Comunidades de Cerrad\u00e3o. Doctorado Sandwich en la Universidad Estatal de Colorado, trabajando con modelos de distribuci\u00f3n de especies de cerrad\u00e3o. actualmente buscando realizar una investigaci\u00f3n integrada de la sociedad y la naturaleza, desde una perspectiva de sistemas socioecol\u00f3gicos (SEE), con un enfoque que impregna Geograf\u00eda, Historia y Ecolog\u00eda. En este sentido, la biogeograf\u00eda es una disciplina que puede ayudar a responder cuestiones relativas a la interacci\u00f3n sociedad-naturaleza aplicadas a la Conservaci\u00f3n del Bosque Atl\u00e1ntico.<br \/>\nPresentar las siguientes l\u00edneas de investigaci\u00f3n: Biogeograf\u00eda y Sistemas Socioecol\u00f3gicos, Historia de Paisaje, Ecolog\u00eda Hist\u00f3rica, Ecolog\u00eda Urbana y Relaci\u00f3n Sociedad-Naturalidad.<\/p>\n<p><a href=\"http:\/\/lattes.cnpq.br\/9632133020488834\" target=\"_blank\" rel=\"noopener noreferrer\"><strong>Lattes del plan de estudios<\/strong><\/a><\/p>\n<p>&nbsp;<\/p>","protected":false},"excerpt":{"rendered":"<p>Graduado en Geograf\u00eda por la Pontificia Universidad Cat\u00f3lica de R\u00edo de Janeiro y maestr\u00eda en Bot\u00e1nica por la Escuela Nacional de Bot\u00e1nica Tropical del Instituto de Pesquisas Jard\u00edn Bot\u00e1nico de R\u00edo de Janeiro, donde se realizaron investigaciones en el \u00e1rea de Historia Ambiental de Bosque Atl\u00e1ntico. La tesis doctoral se realiz\u00f3 en el Programa de Posgrado en Ecolog\u00eda de la Universidad de Brasilia, habiendo realizado investigaciones en el \u00e1rea de Fitogeograf\u00eda y Ecolog\u00eda de Comunidades de Cerrad\u00e3o. Doctorado Sandwich en la Universidad Estatal de Colorado, trabajando con modelos de distribuci\u00f3n de especies de cerrad\u00e3o. actualmente buscando realizar una investigaci\u00f3n integrada de la sociedad y la naturaleza, desde una perspectiva de sistemas socioecol\u00f3gicos (SEE), con un enfoque que impregna Geograf\u00eda, Historia y Ecolog\u00eda. En este sentido, la biogeograf\u00eda es una disciplina que puede ayudar a responder cuestiones relativas a la interacci\u00f3n sociedad-naturaleza aplicadas a la Conservaci\u00f3n del Bosque Atl\u00e1ntico. Presentar las siguientes l\u00edneas de investigaci\u00f3n: Biogeograf\u00eda y Sistemas Socioecol\u00f3gicos, Historia de Paisaje, Ecolog\u00eda Hist\u00f3rica, Ecolog\u00eda Urbana y Relaci\u00f3n Sociedad-Naturalidad. Lattes del plan de estudios &nbsp;<\/p>\n","protected":false},"author":1,"featured_media":3246,"comment_status":"open","ping_status":"open","sticky":false,"template":"","format":"standard","meta":[],"categories":[135],"tags":[],"acf":[],"yoast_head":"<!-- This site is optimized with the Yoast SEO plugin v20.1 - https:\/\/yoast.com\/wordpress\/plugins\/seo\/ -->\n<title>Doctor Carlos Alberto de Mattos Scaramuzza - Mestrado Profissional em Ci\u00eancia da Sustentabilidade<\/title>\n<meta name=\"description\" content=\"Carlos Alberto Scaramuzza \u00e9 bi\u00f3logo e Doutor em Ecologia pela USP com trinta e dois anos de experi\u00eancia profissional em conserva\u00e7\u00e3o e uso sustent\u00e1vel da\" \/>\n<meta name=\"robots\" content=\"index, follow, max-snippet:-1, max-image-preview:large, max-video-preview:-1\" \/>\n<link rel=\"canonical\" href=\"https:\/\/mestradosustentabilidade.usuarios.rdc.puc-rio.br\/es\/docente\/dr-carlos-alberto-de-mattos-scaramuzza\/\" \/>\n<meta property=\"og:locale\" content=\"es_ES\" \/>\n<meta property=\"og:type\" content=\"article\" \/>\n<meta property=\"og:title\" content=\"Doctor Carlos Alberto de Mattos Scaramuzza - Mestrado Profissional em Ci\u00eancia da Sustentabilidade\" \/>\n<meta property=\"og:description\" content=\"Carlos Alberto Scaramuzza \u00e9 bi\u00f3logo e Doutor em Ecologia pela USP com trinta e dois anos de experi\u00eancia profissional em conserva\u00e7\u00e3o e uso sustent\u00e1vel da\" \/>\n<meta property=\"og:url\" content=\"https:\/\/mestradosustentabilidade.usuarios.rdc.puc-rio.br\/docente\/dr-carlos-alberto-de-mattos-scaramuzza\/\" \/>\n<meta property=\"og:site_name\" content=\"Mestrado Profissional em Ci\u00eancia da Sustentabilidade\" \/>\n<meta property=\"article:published_time\" content=\"2025-05-27T16:23:05+00:00\" \/>\n<meta property=\"article:modified_time\" content=\"2025-06-03T17:08:59+00:00\" \/>\n<meta property=\"og:image\" content=\"http:\/\/mestradosustentabilidade.usuarios.rdc.puc-rio.br\/wp-content\/uploads\/2019\/04\/carlos-alberto-de-mattos-scaramuzza.jpg\" \/>\n\t<meta property=\"og:image:width\" content=\"180\" \/>\n\t<meta property=\"og:image:height\" content=\"180\" \/>\n\t<meta property=\"og:image:type\" content=\"image\/jpeg\" \/>\n<meta name=\"author\" content=\"Fernando Grossman\" \/>\n<meta name=\"twitter:card\" content=\"summary_large_image\" \/>\n<meta name=\"twitter:label1\" content=\"Written by\" \/>\n\t<meta name=\"twitter:data1\" content=\"Fernando Grossman\" \/>\n\t<meta name=\"twitter:label2\" content=\"Est. reading time\" \/>\n\t<meta name=\"twitter:data2\" content=\"6 minutes\" \/>\n<script type=\"application\/ld+json\" class=\"yoast-schema-graph\">{\"@context\":\"https:\/\/schema.org\",\"@graph\":[{\"@type\":\"Article\",\"@id\":\"https:\/\/mestradosustentabilidade.usuarios.rdc.puc-rio.br\/docente\/dr-carlos-alberto-de-mattos-scaramuzza\/#article\",\"isPartOf\":{\"@id\":\"https:\/\/mestradosustentabilidade.usuarios.rdc.puc-rio.br\/docente\/dr-carlos-alberto-de-mattos-scaramuzza\/\"},\"author\":{\"name\":\"Fernando Grossman\",\"@id\":\"https:\/\/mestradosustentabilidade.usuarios.rdc.puc-rio.br\/#\/schema\/person\/36c4e1a03c4b7b49d588c2050d3e4d29\"},\"headline\":\"Doctor Carlos Alberto de Mattos Scaramuzza\",\"datePublished\":\"2025-05-27T16:23:05+00:00\",\"dateModified\":\"2025-06-03T17:08:59+00:00\",\"mainEntityOfPage\":{\"@id\":\"https:\/\/mestradosustentabilidade.usuarios.rdc.puc-rio.br\/docente\/dr-carlos-alberto-de-mattos-scaramuzza\/\"},\"wordCount\":1218,\"commentCount\":0,\"publisher\":{\"@id\":\"https:\/\/mestradosustentabilidade.usuarios.rdc.puc-rio.br\/#organization\"},\"articleSection\":[\"Corpo Docente\"],\"inLanguage\":\"es-ES\",\"potentialAction\":[{\"@type\":\"CommentAction\",\"name\":\"Comment\",\"target\":[\"https:\/\/mestradosustentabilidade.usuarios.rdc.puc-rio.br\/docente\/dr-carlos-alberto-de-mattos-scaramuzza\/#respond\"]}]},{\"@type\":\"WebPage\",\"@id\":\"https:\/\/mestradosustentabilidade.usuarios.rdc.puc-rio.br\/docente\/dr-carlos-alberto-de-mattos-scaramuzza\/\",\"url\":\"https:\/\/mestradosustentabilidade.usuarios.rdc.puc-rio.br\/docente\/dr-carlos-alberto-de-mattos-scaramuzza\/\",\"name\":\"Doctor Carlos Alberto de Mattos Scaramuzza - Mestrado Profissional em Ci\u00eancia da Sustentabilidade\",\"isPartOf\":{\"@id\":\"https:\/\/mestradosustentabilidade.usuarios.rdc.puc-rio.br\/#website\"},\"datePublished\":\"2025-05-27T16:23:05+00:00\",\"dateModified\":\"2025-06-03T17:08:59+00:00\",\"description\":\"Carlos Alberto Scaramuzza \u00e9 bi\u00f3logo e Doutor em Ecologia pela USP com trinta e dois anos de experi\u00eancia profissional em conserva\u00e7\u00e3o e uso sustent\u00e1vel da\",\"breadcrumb\":{\"@id\":\"https:\/\/mestradosustentabilidade.usuarios.rdc.puc-rio.br\/docente\/dr-carlos-alberto-de-mattos-scaramuzza\/#breadcrumb\"},\"inLanguage\":\"es-ES\",\"potentialAction\":[{\"@type\":\"ReadAction\",\"target\":[\"https:\/\/mestradosustentabilidade.usuarios.rdc.puc-rio.br\/docente\/dr-carlos-alberto-de-mattos-scaramuzza\/\"]}]},{\"@type\":\"BreadcrumbList\",\"@id\":\"https:\/\/mestradosustentabilidade.usuarios.rdc.puc-rio.br\/docente\/dr-carlos-alberto-de-mattos-scaramuzza\/#breadcrumb\",\"itemListElement\":[{\"@type\":\"ListItem\",\"position\":1,\"name\":\"Home\",\"item\":\"https:\/\/mestradosustentabilidade.usuarios.rdc.puc-rio.br\/\"},{\"@type\":\"ListItem\",\"position\":2,\"name\":\"Dr. Carlos Alberto de Mattos Scaramuzza\"}]},{\"@type\":\"WebSite\",\"@id\":\"https:\/\/mestradosustentabilidade.usuarios.rdc.puc-rio.br\/#website\",\"url\":\"https:\/\/mestradosustentabilidade.usuarios.rdc.puc-rio.br\/\",\"name\":\"Mestrado Profissional em Ci\u00eancia da Sustentabilidade\",\"description\":\"O Mestrado Profissional em Ci\u00eancia da Sustentabilidade \u00e9 o primeiro curso de p\u00f3s-gradua\u00e7\u00e3o do Brasil voltado para a Ci\u00eancias da Sustentabilidade\",\"publisher\":{\"@id\":\"https:\/\/mestradosustentabilidade.usuarios.rdc.puc-rio.br\/#organization\"},\"potentialAction\":[{\"@type\":\"SearchAction\",\"target\":{\"@type\":\"EntryPoint\",\"urlTemplate\":\"https:\/\/mestradosustentabilidade.usuarios.rdc.puc-rio.br\/?s={search_term_string}\"},\"query-input\":\"required name=search_term_string\"}],\"inLanguage\":\"es-ES\"},{\"@type\":\"Organization\",\"@id\":\"https:\/\/mestradosustentabilidade.usuarios.rdc.puc-rio.br\/#organization\",\"name\":\"MPCS\",\"url\":\"https:\/\/mestradosustentabilidade.usuarios.rdc.puc-rio.br\/\",\"logo\":{\"@type\":\"ImageObject\",\"inLanguage\":\"es-ES\",\"@id\":\"https:\/\/mestradosustentabilidade.usuarios.rdc.puc-rio.br\/#\/schema\/logo\/image\/\",\"url\":\"http:\/\/mestradosustentabilidade.usuarios.rdc.puc-rio.br\/wp-content\/uploads\/2024\/06\/favicon.jpg\",\"contentUrl\":\"http:\/\/mestradosustentabilidade.usuarios.rdc.puc-rio.br\/wp-content\/uploads\/2024\/06\/favicon.jpg\",\"width\":512,\"height\":512,\"caption\":\"MPCS\"},\"image\":{\"@id\":\"https:\/\/mestradosustentabilidade.usuarios.rdc.puc-rio.br\/#\/schema\/logo\/image\/\"}},{\"@type\":\"Person\",\"@id\":\"https:\/\/mestradosustentabilidade.usuarios.rdc.puc-rio.br\/#\/schema\/person\/36c4e1a03c4b7b49d588c2050d3e4d29\",\"name\":\"Fernando Grossman\"}]}<\/script>\n<!-- \/ Yoast SEO plugin. -->","yoast_head_json":{"title":"Doctor Carlos Alberto de Mattos Scaramuzza - Mestrado Profissional em Ci\u00eancia da Sustentabilidade","description":"Carlos Alberto Scaramuzza \u00e9 bi\u00f3logo e Doutor em Ecologia pela USP com trinta e dois anos de experi\u00eancia profissional em conserva\u00e7\u00e3o e uso sustent\u00e1vel da","robots":{"index":"index","follow":"follow","max-snippet":"max-snippet:-1","max-image-preview":"max-image-preview:large","max-video-preview":"max-video-preview:-1"},"canonical":"https:\/\/mestradosustentabilidade.usuarios.rdc.puc-rio.br\/es\/docente\/dr-carlos-alberto-de-mattos-scaramuzza\/","og_locale":"es_ES","og_type":"article","og_title":"Doctor Carlos Alberto de Mattos Scaramuzza - Mestrado Profissional em Ci\u00eancia da Sustentabilidade","og_description":"Carlos Alberto Scaramuzza \u00e9 bi\u00f3logo e Doutor em Ecologia pela USP com trinta e dois anos de experi\u00eancia profissional em conserva\u00e7\u00e3o e uso sustent\u00e1vel da","og_url":"https:\/\/mestradosustentabilidade.usuarios.rdc.puc-rio.br\/docente\/dr-carlos-alberto-de-mattos-scaramuzza\/","og_site_name":"Mestrado Profissional em Ci\u00eancia da Sustentabilidade","article_published_time":"2025-05-27T16:23:05+00:00","article_modified_time":"2025-06-03T17:08:59+00:00","og_image":[{"width":180,"height":180,"url":"http:\/\/mestradosustentabilidade.usuarios.rdc.puc-rio.br\/wp-content\/uploads\/2019\/04\/carlos-alberto-de-mattos-scaramuzza.jpg","type":"image\/jpeg"}],"author":"Fernando Grossman","twitter_card":"summary_large_image","twitter_misc":{"Written by":"Fernando Grossman","Est. reading time":"6 minutes"},"schema":{"@context":"https:\/\/schema.org","@graph":[{"@type":"Article","@id":"https:\/\/mestradosustentabilidade.usuarios.rdc.puc-rio.br\/docente\/dr-carlos-alberto-de-mattos-scaramuzza\/#article","isPartOf":{"@id":"https:\/\/mestradosustentabilidade.usuarios.rdc.puc-rio.br\/docente\/dr-carlos-alberto-de-mattos-scaramuzza\/"},"author":{"name":"Fernando Grossman","@id":"https:\/\/mestradosustentabilidade.usuarios.rdc.puc-rio.br\/#\/schema\/person\/36c4e1a03c4b7b49d588c2050d3e4d29"},"headline":"Doctor Carlos Alberto de Mattos Scaramuzza","datePublished":"2025-05-27T16:23:05+00:00","dateModified":"2025-06-03T17:08:59+00:00","mainEntityOfPage":{"@id":"https:\/\/mestradosustentabilidade.usuarios.rdc.puc-rio.br\/docente\/dr-carlos-alberto-de-mattos-scaramuzza\/"},"wordCount":1218,"commentCount":0,"publisher":{"@id":"https:\/\/mestradosustentabilidade.usuarios.rdc.puc-rio.br\/#organization"},"articleSection":["Corpo Docente"],"inLanguage":"es-ES","potentialAction":[{"@type":"CommentAction","name":"Comment","target":["https:\/\/mestradosustentabilidade.usuarios.rdc.puc-rio.br\/docente\/dr-carlos-alberto-de-mattos-scaramuzza\/#respond"]}]},{"@type":"WebPage","@id":"https:\/\/mestradosustentabilidade.usuarios.rdc.puc-rio.br\/docente\/dr-carlos-alberto-de-mattos-scaramuzza\/","url":"https:\/\/mestradosustentabilidade.usuarios.rdc.puc-rio.br\/docente\/dr-carlos-alberto-de-mattos-scaramuzza\/","name":"Doctor Carlos Alberto de Mattos Scaramuzza - Mestrado Profissional em Ci\u00eancia da Sustentabilidade","isPartOf":{"@id":"https:\/\/mestradosustentabilidade.usuarios.rdc.puc-rio.br\/#website"},"datePublished":"2025-05-27T16:23:05+00:00","dateModified":"2025-06-03T17:08:59+00:00","description":"Carlos Alberto Scaramuzza \u00e9 bi\u00f3logo e Doutor em Ecologia pela USP com trinta e dois anos de experi\u00eancia profissional em conserva\u00e7\u00e3o e uso sustent\u00e1vel da","breadcrumb":{"@id":"https:\/\/mestradosustentabilidade.usuarios.rdc.puc-rio.br\/docente\/dr-carlos-alberto-de-mattos-scaramuzza\/#breadcrumb"},"inLanguage":"es-ES","potentialAction":[{"@type":"ReadAction","target":["https:\/\/mestradosustentabilidade.usuarios.rdc.puc-rio.br\/docente\/dr-carlos-alberto-de-mattos-scaramuzza\/"]}]},{"@type":"BreadcrumbList","@id":"https:\/\/mestradosustentabilidade.usuarios.rdc.puc-rio.br\/docente\/dr-carlos-alberto-de-mattos-scaramuzza\/#breadcrumb","itemListElement":[{"@type":"ListItem","position":1,"name":"Home","item":"https:\/\/mestradosustentabilidade.usuarios.rdc.puc-rio.br\/"},{"@type":"ListItem","position":2,"name":"Dr. Carlos Alberto de Mattos Scaramuzza"}]},{"@type":"WebSite","@id":"https:\/\/mestradosustentabilidade.usuarios.rdc.puc-rio.br\/#website","url":"https:\/\/mestradosustentabilidade.usuarios.rdc.puc-rio.br\/","name":"Mestrado Profissional em Ci\u00eancia da Sustentabilidade","description":"O Mestrado Profissional em Ci\u00eancia da Sustentabilidade \u00e9 o primeiro curso de p\u00f3s-gradua\u00e7\u00e3o do Brasil voltado para a Ci\u00eancias da Sustentabilidade","publisher":{"@id":"https:\/\/mestradosustentabilidade.usuarios.rdc.puc-rio.br\/#organization"},"potentialAction":[{"@type":"SearchAction","target":{"@type":"EntryPoint","urlTemplate":"https:\/\/mestradosustentabilidade.usuarios.rdc.puc-rio.br\/?s={search_term_string}"},"query-input":"required name=search_term_string"}],"inLanguage":"es-ES"},{"@type":"Organization","@id":"https:\/\/mestradosustentabilidade.usuarios.rdc.puc-rio.br\/#organization","name":"MPCS","url":"https:\/\/mestradosustentabilidade.usuarios.rdc.puc-rio.br\/","logo":{"@type":"ImageObject","inLanguage":"es-ES","@id":"https:\/\/mestradosustentabilidade.usuarios.rdc.puc-rio.br\/#\/schema\/logo\/image\/","url":"http:\/\/mestradosustentabilidade.usuarios.rdc.puc-rio.br\/wp-content\/uploads\/2024\/06\/favicon.jpg","contentUrl":"http:\/\/mestradosustentabilidade.usuarios.rdc.puc-rio.br\/wp-content\/uploads\/2024\/06\/favicon.jpg","width":512,"height":512,"caption":"MPCS"},"image":{"@id":"https:\/\/mestradosustentabilidade.usuarios.rdc.puc-rio.br\/#\/schema\/logo\/image\/"}},{"@type":"Person","@id":"https:\/\/mestradosustentabilidade.usuarios.rdc.puc-rio.br\/#\/schema\/person\/36c4e1a03c4b7b49d588c2050d3e4d29","name":"Fernando Grossman"}]}},"_links":{"self":[{"href":"https:\/\/mestradosustentabilidade.usuarios.rdc.puc-rio.br\/es\/wp-json\/wp\/v2\/posts\/3245"}],"collection":[{"href":"https:\/\/mestradosustentabilidade.usuarios.rdc.puc-rio.br\/es\/wp-json\/wp\/v2\/posts"}],"about":[{"href":"https:\/\/mestradosustentabilidade.usuarios.rdc.puc-rio.br\/es\/wp-json\/wp\/v2\/types\/post"}],"author":[{"embeddable":true,"href":"https:\/\/mestradosustentabilidade.usuarios.rdc.puc-rio.br\/es\/wp-json\/wp\/v2\/users\/1"}],"replies":[{"embeddable":true,"href":"https:\/\/mestradosustentabilidade.usuarios.rdc.puc-rio.br\/es\/wp-json\/wp\/v2\/comments?post=3245"}],"version-history":[{"count":5,"href":"https:\/\/mestradosustentabilidade.usuarios.rdc.puc-rio.br\/es\/wp-json\/wp\/v2\/posts\/3245\/revisions"}],"predecessor-version":[{"id":4311,"href":"https:\/\/mestradosustentabilidade.usuarios.rdc.puc-rio.br\/es\/wp-json\/wp\/v2\/posts\/3245\/revisions\/4311"}],"wp:featuredmedia":[{"embeddable":true,"href":"https:\/\/mestradosustentabilidade.usuarios.rdc.puc-rio.br\/es\/wp-json\/wp\/v2\/media\/3246"}],"wp:attachment":[{"href":"https:\/\/mestradosustentabilidade.usuarios.rdc.puc-rio.br\/es\/wp-json\/wp\/v2\/media?parent=3245"}],"wp:term":[{"taxonomy":"category","embeddable":true,"href":"https:\/\/mestradosustentabilidade.usuarios.rdc.puc-rio.br\/es\/wp-json\/wp\/v2\/categories?post=3245"},{"taxonomy":"post_tag","embeddable":true,"href":"https:\/\/mestradosustentabilidade.usuarios.rdc.puc-rio.br\/es\/wp-json\/wp\/v2\/tags?post=3245"}],"curies":[{"name":"wp","href":"https:\/\/api.w.org\/{rel}","templated":true}]}}