{"id":4655,"date":"2023-08-21T17:34:59","date_gmt":"2023-08-21T20:34:59","guid":{"rendered":"http:\/\/mestradosustentabilidade.usuarios.rdc.puc-rio.br\/?p=4655"},"modified":"2023-08-26T17:35:58","modified_gmt":"2023-08-26T20:35:58","slug":"thaiane-nunes-2-2","status":"publish","type":"post","link":"https:\/\/mestradosustentabilidade.usuarios.rdc.puc-rio.br\/en\/alunos-egressos\/thaiane-nunes-2-2\/","title":{"rendered":"Fernando Abritta Figueiredo"},"content":{"rendered":"<p>Fernando holds a Bachelor&#8217;s Degree in Economic Sciences from UFRJ, a Bachelor&#8217;s and Degree in Geography from UERJ and a postgraduate degree in Economic Engineering and Industrial Administration from UFRJ. He is a Senior Technologist in Geographical Information and Statistics-Socio-Economic Analysis at the Brazilian Institute of Geography and Statistics Foundation (IBGE), since 2002, currently working on the Annual Industrial Survey-Product. At IBGE, he previously worked in the Analysis and Methodology Management, with the analysis of the Monthly Industrial Survey of Physical Production, Monthly Industrial Survey of Employment and Salary, Industrial Survey of Agroindustry (half-yearly) and Annual Survey of the Construction Industry.<\/p>\n<p><a href=\"http:\/\/lattes.cnpq.br\/9402190472108674\" target=\"_blank\" rel=\"noopener\"><strong>Curriculum lattes<\/strong><\/a><\/p>","protected":false},"excerpt":{"rendered":"<p>Fernando holds a Bachelor&#8217;s Degree in Economic Sciences from UFRJ, a Bachelor&#8217;s and Degree in Geography from UERJ and a postgraduate degree in Economic Engineering and Industrial Administration from UFRJ. He is a Senior Technologist in Geographical Information and Statistics-Socio-Economic Analysis at the Brazilian Institute of Geography and Statistics Foundation (IBGE), since 2002, currently working on the Annual Industrial Survey-Product. At IBGE, he previously worked in the Analysis and Methodology Management, with the analysis of the Monthly Industrial Survey of Physical Production, Monthly Industrial Survey of Employment and Salary, Industrial Survey of Agroindustry (half-yearly) and Annual Survey of the Construction Industry. Curriculum lattes<\/p>\n","protected":false},"author":10,"featured_media":4656,"comment_status":"closed","ping_status":"closed","sticky":false,"template":"","format":"standard","meta":[],"categories":[137],"tags":[],"acf":[],"yoast_head":"<!-- This site is optimized with the Yoast SEO plugin v20.1 - https:\/\/yoast.com\/wordpress\/plugins\/seo\/ -->\n<title>Fernando Abritta Figueiredo - Mestrado Profissional em Ci\u00eancia da Sustentabilidade<\/title>\n<meta name=\"description\" content=\"Fernando possui Bacharelado em Ci\u00eancias Econ\u00f4micas pela UFRJ, Bacharelado e Licenciatura em Geografia pela UERJ e p\u00f3s-gradua\u00e7\u00e3o em Engenharia Econ\u00f4mica e\" \/>\n<meta name=\"robots\" content=\"index, follow, max-snippet:-1, max-image-preview:large, max-video-preview:-1\" \/>\n<link rel=\"canonical\" href=\"https:\/\/mestradosustentabilidade.usuarios.rdc.puc-rio.br\/en\/alunos-egressos\/thaiane-nunes-2-2\/\" \/>\n<meta property=\"og:locale\" content=\"en_US\" \/>\n<meta property=\"og:type\" content=\"article\" \/>\n<meta property=\"og:title\" content=\"Fernando Abritta Figueiredo - Mestrado Profissional em Ci\u00eancia da Sustentabilidade\" \/>\n<meta property=\"og:description\" content=\"Fernando possui Bacharelado em Ci\u00eancias Econ\u00f4micas pela UFRJ, Bacharelado e Licenciatura em Geografia pela UERJ e p\u00f3s-gradua\u00e7\u00e3o em Engenharia Econ\u00f4mica e\" \/>\n<meta property=\"og:url\" content=\"https:\/\/mestradosustentabilidade.usuarios.rdc.puc-rio.br\/alunos-egressos\/thaiane-nunes-2-2\/\" \/>\n<meta property=\"og:site_name\" content=\"Mestrado Profissional em Ci\u00eancia da Sustentabilidade\" \/>\n<meta property=\"article:published_time\" content=\"2023-08-21T20:34:59+00:00\" \/>\n<meta property=\"article:modified_time\" content=\"2023-08-26T20:35:58+00:00\" \/>\n<meta property=\"og:image\" content=\"https:\/\/mestradosustentabilidade.usuarios.rdc.puc-rio.br\/wp-content\/uploads\/2023\/08\/Fernando-Abritta-Figueiredo.jpg\" \/>\n\t<meta property=\"og:image:width\" content=\"951\" \/>\n\t<meta property=\"og:image:height\" content=\"999\" \/>\n\t<meta property=\"og:image:type\" content=\"image\/jpeg\" \/>\n<meta name=\"author\" content=\"Ana Castro\" \/>\n<meta name=\"twitter:card\" content=\"summary_large_image\" \/>\n<meta name=\"twitter:label1\" content=\"Written by\" \/>\n\t<meta name=\"twitter:data1\" content=\"Ana Castro\" \/>\n\t<meta name=\"twitter:label2\" content=\"Est. reading time\" \/>\n\t<meta name=\"twitter:data2\" content=\"2 minutes\" \/>\n<script type=\"application\/ld+json\" class=\"yoast-schema-graph\">{\"@context\":\"https:\/\/schema.org\",\"@graph\":[{\"@type\":\"Article\",\"@id\":\"https:\/\/mestradosustentabilidade.usuarios.rdc.puc-rio.br\/alunos-egressos\/thaiane-nunes-2-2\/#article\",\"isPartOf\":{\"@id\":\"https:\/\/mestradosustentabilidade.usuarios.rdc.puc-rio.br\/alunos-egressos\/thaiane-nunes-2-2\/\"},\"author\":{\"name\":\"Ana Castro\",\"@id\":\"https:\/\/mestradosustentabilidade.usuarios.rdc.puc-rio.br\/#\/schema\/person\/64bbd377dbbb9139419e4bf170072cf4\"},\"headline\":\"Fernando Abritta Figueiredo\",\"datePublished\":\"2023-08-21T20:34:59+00:00\",\"dateModified\":\"2023-08-26T20:35:58+00:00\",\"mainEntityOfPage\":{\"@id\":\"https:\/\/mestradosustentabilidade.usuarios.rdc.puc-rio.br\/alunos-egressos\/thaiane-nunes-2-2\/\"},\"wordCount\":356,\"publisher\":{\"@id\":\"https:\/\/mestradosustentabilidade.usuarios.rdc.puc-rio.br\/#organization\"},\"articleSection\":[\"Alunos Egressos\"],\"inLanguage\":\"en-US\"},{\"@type\":\"WebPage\",\"@id\":\"https:\/\/mestradosustentabilidade.usuarios.rdc.puc-rio.br\/alunos-egressos\/thaiane-nunes-2-2\/\",\"url\":\"https:\/\/mestradosustentabilidade.usuarios.rdc.puc-rio.br\/alunos-egressos\/thaiane-nunes-2-2\/\",\"name\":\"Fernando Abritta Figueiredo - Mestrado Profissional em Ci\u00eancia da Sustentabilidade\",\"isPartOf\":{\"@id\":\"https:\/\/mestradosustentabilidade.usuarios.rdc.puc-rio.br\/#website\"},\"datePublished\":\"2023-08-21T20:34:59+00:00\",\"dateModified\":\"2023-08-26T20:35:58+00:00\",\"description\":\"Fernando possui Bacharelado em Ci\u00eancias Econ\u00f4micas pela UFRJ, Bacharelado e Licenciatura em Geografia pela UERJ e p\u00f3s-gradua\u00e7\u00e3o em Engenharia Econ\u00f4mica e\",\"breadcrumb\":{\"@id\":\"https:\/\/mestradosustentabilidade.usuarios.rdc.puc-rio.br\/alunos-egressos\/thaiane-nunes-2-2\/#breadcrumb\"},\"inLanguage\":\"en-US\",\"potentialAction\":[{\"@type\":\"ReadAction\",\"target\":[\"https:\/\/mestradosustentabilidade.usuarios.rdc.puc-rio.br\/alunos-egressos\/thaiane-nunes-2-2\/\"]}]},{\"@type\":\"BreadcrumbList\",\"@id\":\"https:\/\/mestradosustentabilidade.usuarios.rdc.puc-rio.br\/alunos-egressos\/thaiane-nunes-2-2\/#breadcrumb\",\"itemListElement\":[{\"@type\":\"ListItem\",\"position\":1,\"name\":\"Home\",\"item\":\"https:\/\/mestradosustentabilidade.usuarios.rdc.puc-rio.br\/\"},{\"@type\":\"ListItem\",\"position\":2,\"name\":\"Fernando Abritta Figueiredo\"}]},{\"@type\":\"WebSite\",\"@id\":\"https:\/\/mestradosustentabilidade.usuarios.rdc.puc-rio.br\/#website\",\"url\":\"https:\/\/mestradosustentabilidade.usuarios.rdc.puc-rio.br\/\",\"name\":\"Mestrado Profissional em Ci\u00eancia da Sustentabilidade\",\"description\":\"O Mestrado Profissional em Ci\u00eancia da Sustentabilidade \u00e9 o primeiro curso de p\u00f3s-gradua\u00e7\u00e3o do Brasil voltado para a Ci\u00eancias da Sustentabilidade\",\"publisher\":{\"@id\":\"https:\/\/mestradosustentabilidade.usuarios.rdc.puc-rio.br\/#organization\"},\"potentialAction\":[{\"@type\":\"SearchAction\",\"target\":{\"@type\":\"EntryPoint\",\"urlTemplate\":\"https:\/\/mestradosustentabilidade.usuarios.rdc.puc-rio.br\/?s={search_term_string}\"},\"query-input\":\"required name=search_term_string\"}],\"inLanguage\":\"en-US\"},{\"@type\":\"Organization\",\"@id\":\"https:\/\/mestradosustentabilidade.usuarios.rdc.puc-rio.br\/#organization\",\"name\":\"MPCS\",\"url\":\"https:\/\/mestradosustentabilidade.usuarios.rdc.puc-rio.br\/\",\"logo\":{\"@type\":\"ImageObject\",\"inLanguage\":\"en-US\",\"@id\":\"https:\/\/mestradosustentabilidade.usuarios.rdc.puc-rio.br\/#\/schema\/logo\/image\/\",\"url\":\"http:\/\/mestradosustentabilidade.usuarios.rdc.puc-rio.br\/wp-content\/uploads\/2024\/06\/favicon.jpg\",\"contentUrl\":\"http:\/\/mestradosustentabilidade.usuarios.rdc.puc-rio.br\/wp-content\/uploads\/2024\/06\/favicon.jpg\",\"width\":512,\"height\":512,\"caption\":\"MPCS\"},\"image\":{\"@id\":\"https:\/\/mestradosustentabilidade.usuarios.rdc.puc-rio.br\/#\/schema\/logo\/image\/\"}},{\"@type\":\"Person\",\"@id\":\"https:\/\/mestradosustentabilidade.usuarios.rdc.puc-rio.br\/#\/schema\/person\/64bbd377dbbb9139419e4bf170072cf4\",\"name\":\"Ana Castro\"}]}<\/script>\n<!-- \/ Yoast SEO plugin. -->","yoast_head_json":{"title":"Fernando Abritta Figueiredo - Mestrado Profissional em Ci\u00eancia da Sustentabilidade","description":"Fernando possui Bacharelado em Ci\u00eancias Econ\u00f4micas pela UFRJ, Bacharelado e Licenciatura em Geografia pela UERJ e p\u00f3s-gradua\u00e7\u00e3o em Engenharia Econ\u00f4mica e","robots":{"index":"index","follow":"follow","max-snippet":"max-snippet:-1","max-image-preview":"max-image-preview:large","max-video-preview":"max-video-preview:-1"},"canonical":"https:\/\/mestradosustentabilidade.usuarios.rdc.puc-rio.br\/en\/alunos-egressos\/thaiane-nunes-2-2\/","og_locale":"en_US","og_type":"article","og_title":"Fernando Abritta Figueiredo - Mestrado Profissional em Ci\u00eancia da Sustentabilidade","og_description":"Fernando possui Bacharelado em Ci\u00eancias Econ\u00f4micas pela UFRJ, Bacharelado e Licenciatura em Geografia pela UERJ e p\u00f3s-gradua\u00e7\u00e3o em Engenharia Econ\u00f4mica e","og_url":"https:\/\/mestradosustentabilidade.usuarios.rdc.puc-rio.br\/alunos-egressos\/thaiane-nunes-2-2\/","og_site_name":"Mestrado Profissional em Ci\u00eancia da Sustentabilidade","article_published_time":"2023-08-21T20:34:59+00:00","article_modified_time":"2023-08-26T20:35:58+00:00","og_image":[{"width":951,"height":999,"url":"https:\/\/mestradosustentabilidade.usuarios.rdc.puc-rio.br\/wp-content\/uploads\/2023\/08\/Fernando-Abritta-Figueiredo.jpg","type":"image\/jpeg"}],"author":"Ana Castro","twitter_card":"summary_large_image","twitter_misc":{"Written by":"Ana Castro","Est. reading time":"2 minutes"},"schema":{"@context":"https:\/\/schema.org","@graph":[{"@type":"Article","@id":"https:\/\/mestradosustentabilidade.usuarios.rdc.puc-rio.br\/alunos-egressos\/thaiane-nunes-2-2\/#article","isPartOf":{"@id":"https:\/\/mestradosustentabilidade.usuarios.rdc.puc-rio.br\/alunos-egressos\/thaiane-nunes-2-2\/"},"author":{"name":"Ana Castro","@id":"https:\/\/mestradosustentabilidade.usuarios.rdc.puc-rio.br\/#\/schema\/person\/64bbd377dbbb9139419e4bf170072cf4"},"headline":"Fernando Abritta Figueiredo","datePublished":"2023-08-21T20:34:59+00:00","dateModified":"2023-08-26T20:35:58+00:00","mainEntityOfPage":{"@id":"https:\/\/mestradosustentabilidade.usuarios.rdc.puc-rio.br\/alunos-egressos\/thaiane-nunes-2-2\/"},"wordCount":356,"publisher":{"@id":"https:\/\/mestradosustentabilidade.usuarios.rdc.puc-rio.br\/#organization"},"articleSection":["Alunos Egressos"],"inLanguage":"en-US"},{"@type":"WebPage","@id":"https:\/\/mestradosustentabilidade.usuarios.rdc.puc-rio.br\/alunos-egressos\/thaiane-nunes-2-2\/","url":"https:\/\/mestradosustentabilidade.usuarios.rdc.puc-rio.br\/alunos-egressos\/thaiane-nunes-2-2\/","name":"Fernando Abritta Figueiredo - Mestrado Profissional em Ci\u00eancia da Sustentabilidade","isPartOf":{"@id":"https:\/\/mestradosustentabilidade.usuarios.rdc.puc-rio.br\/#website"},"datePublished":"2023-08-21T20:34:59+00:00","dateModified":"2023-08-26T20:35:58+00:00","description":"Fernando possui Bacharelado em Ci\u00eancias Econ\u00f4micas pela UFRJ, Bacharelado e Licenciatura em Geografia pela UERJ e p\u00f3s-gradua\u00e7\u00e3o em Engenharia Econ\u00f4mica e","breadcrumb":{"@id":"https:\/\/mestradosustentabilidade.usuarios.rdc.puc-rio.br\/alunos-egressos\/thaiane-nunes-2-2\/#breadcrumb"},"inLanguage":"en-US","potentialAction":[{"@type":"ReadAction","target":["https:\/\/mestradosustentabilidade.usuarios.rdc.puc-rio.br\/alunos-egressos\/thaiane-nunes-2-2\/"]}]},{"@type":"BreadcrumbList","@id":"https:\/\/mestradosustentabilidade.usuarios.rdc.puc-rio.br\/alunos-egressos\/thaiane-nunes-2-2\/#breadcrumb","itemListElement":[{"@type":"ListItem","position":1,"name":"Home","item":"https:\/\/mestradosustentabilidade.usuarios.rdc.puc-rio.br\/"},{"@type":"ListItem","position":2,"name":"Fernando Abritta Figueiredo"}]},{"@type":"WebSite","@id":"https:\/\/mestradosustentabilidade.usuarios.rdc.puc-rio.br\/#website","url":"https:\/\/mestradosustentabilidade.usuarios.rdc.puc-rio.br\/","name":"Mestrado Profissional em Ci\u00eancia da Sustentabilidade","description":"O Mestrado Profissional em Ci\u00eancia da Sustentabilidade \u00e9 o primeiro curso de p\u00f3s-gradua\u00e7\u00e3o do Brasil voltado para a Ci\u00eancias da Sustentabilidade","publisher":{"@id":"https:\/\/mestradosustentabilidade.usuarios.rdc.puc-rio.br\/#organization"},"potentialAction":[{"@type":"SearchAction","target":{"@type":"EntryPoint","urlTemplate":"https:\/\/mestradosustentabilidade.usuarios.rdc.puc-rio.br\/?s={search_term_string}"},"query-input":"required name=search_term_string"}],"inLanguage":"en-US"},{"@type":"Organization","@id":"https:\/\/mestradosustentabilidade.usuarios.rdc.puc-rio.br\/#organization","name":"MPCS","url":"https:\/\/mestradosustentabilidade.usuarios.rdc.puc-rio.br\/","logo":{"@type":"ImageObject","inLanguage":"en-US","@id":"https:\/\/mestradosustentabilidade.usuarios.rdc.puc-rio.br\/#\/schema\/logo\/image\/","url":"http:\/\/mestradosustentabilidade.usuarios.rdc.puc-rio.br\/wp-content\/uploads\/2024\/06\/favicon.jpg","contentUrl":"http:\/\/mestradosustentabilidade.usuarios.rdc.puc-rio.br\/wp-content\/uploads\/2024\/06\/favicon.jpg","width":512,"height":512,"caption":"MPCS"},"image":{"@id":"https:\/\/mestradosustentabilidade.usuarios.rdc.puc-rio.br\/#\/schema\/logo\/image\/"}},{"@type":"Person","@id":"https:\/\/mestradosustentabilidade.usuarios.rdc.puc-rio.br\/#\/schema\/person\/64bbd377dbbb9139419e4bf170072cf4","name":"Ana Castro"}]}},"_links":{"self":[{"href":"https:\/\/mestradosustentabilidade.usuarios.rdc.puc-rio.br\/en\/wp-json\/wp\/v2\/posts\/4655"}],"collection":[{"href":"https:\/\/mestradosustentabilidade.usuarios.rdc.puc-rio.br\/en\/wp-json\/wp\/v2\/posts"}],"about":[{"href":"https:\/\/mestradosustentabilidade.usuarios.rdc.puc-rio.br\/en\/wp-json\/wp\/v2\/types\/post"}],"author":[{"embeddable":true,"href":"https:\/\/mestradosustentabilidade.usuarios.rdc.puc-rio.br\/en\/wp-json\/wp\/v2\/users\/10"}],"replies":[{"embeddable":true,"href":"https:\/\/mestradosustentabilidade.usuarios.rdc.puc-rio.br\/en\/wp-json\/wp\/v2\/comments?post=4655"}],"version-history":[{"count":1,"href":"https:\/\/mestradosustentabilidade.usuarios.rdc.puc-rio.br\/en\/wp-json\/wp\/v2\/posts\/4655\/revisions"}],"predecessor-version":[{"id":4657,"href":"https:\/\/mestradosustentabilidade.usuarios.rdc.puc-rio.br\/en\/wp-json\/wp\/v2\/posts\/4655\/revisions\/4657"}],"wp:featuredmedia":[{"embeddable":true,"href":"https:\/\/mestradosustentabilidade.usuarios.rdc.puc-rio.br\/en\/wp-json\/wp\/v2\/media\/4656"}],"wp:attachment":[{"href":"https:\/\/mestradosustentabilidade.usuarios.rdc.puc-rio.br\/en\/wp-json\/wp\/v2\/media?parent=4655"}],"wp:term":[{"taxonomy":"category","embeddable":true,"href":"https:\/\/mestradosustentabilidade.usuarios.rdc.puc-rio.br\/en\/wp-json\/wp\/v2\/categories?post=4655"},{"taxonomy":"post_tag","embeddable":true,"href":"https:\/\/mestradosustentabilidade.usuarios.rdc.puc-rio.br\/en\/wp-json\/wp\/v2\/tags?post=4655"}],"curies":[{"name":"wp","href":"https:\/\/api.w.org\/{rel}","templated":true}]}}