{"id":4528,"date":"2025-06-02T15:11:47","date_gmt":"2025-06-02T18:11:47","guid":{"rendered":"http:\/\/mestradosustentabilidade.usuarios.rdc.puc-rio.br\/?p=4528"},"modified":"2025-06-03T14:04:21","modified_gmt":"2025-06-03T17:04:21","slug":"dr-sergio-margulis-4","status":"publish","type":"post","link":"https:\/\/mestradosustentabilidade.usuarios.rdc.puc-rio.br\/en\/docente\/dr-sergio-margulis-4\/","title":{"rendered":"Dr. Anna Carolina Fornero Aguiar"},"content":{"rendered":"<p>Bachelor in Biological Sciences (2009) and Master in Ecosystem Bioengineering (2012) from the Federal University of S\u00e3o Jo\u00e3o del Rei. PhD in Ecology from UFMG (2017). From graduation to doctorate, he dedicated himself to themes related to taxonomy, distribution, ecology and secondary production of benthic macroinvertebrates, decomposition of leaf debris and flow of energy and matter in rivers. In the postdoctoral period (UFRJ Limnology Laboratory, since 2019), interests expanded to cover themes related to ecological restoration and the carbon cycle in an Amazonian area, biodiversity and business, sustainability and regenerative futures (Col\u00e9gio Brasileiro de Altos Estudos da UFRJ, since 2022). He is also dedicated to extension activities, coordinating the content component of the Young Climate Leaders course (UFRJ Science and Culture Forum, since 2022), and teaching, regularly teaching classes in disciplines of the UFRJ Department of Ecology (since 2019 ). It also works in consulting work both related to the impact of the mining sector (on topics such as restoration and biodiversity offset, since 2019), and linked to the cultural sector (in the case of the exhibition Fruturos &#8211; Tempos Amaz\u00f4nicos, at the Museum of Tomorrow, 2021-2022). Today, her main interests are sustainability science, futures studies, and ecological restoration.<\/p>\n<p><strong><a href=\"http:\/\/lattes.cnpq.br\/4918818739358488\" target=\"_blank\" rel=\"noopener noreferrer\">Curriculum lattes<\/a><\/strong><\/p>\n<p>&nbsp;<\/p>","protected":false},"excerpt":{"rendered":"<p>Bachelor in Biological Sciences (2009) and Master in Ecosystem Bioengineering (2012) from the Federal University of S\u00e3o Jo\u00e3o del Rei. PhD in Ecology from UFMG (2017). From graduation to doctorate, he dedicated himself to themes related to taxonomy, distribution, ecology and secondary production of benthic macroinvertebrates, decomposition of leaf debris and flow of energy and matter in rivers. In the postdoctoral period (UFRJ Limnology Laboratory, since 2019), interests expanded to cover themes related to ecological restoration and the carbon cycle in an Amazonian area, biodiversity and business, sustainability and regenerative futures (Col\u00e9gio Brasileiro de Altos Estudos da UFRJ, since 2022). He is also dedicated to extension activities, coordinating the content component of the Young Climate Leaders course (UFRJ Science and Culture Forum, since 2022), and teaching, regularly teaching classes in disciplines of the UFRJ Department of Ecology (since 2019 ). It also works in consulting work both related to the impact of the mining sector (on topics such as restoration and biodiversity offset, since 2019), and linked to the cultural sector (in the case of the exhibition Fruturos &#8211; Tempos Amaz\u00f4nicos, at the Museum of Tomorrow, 2021-2022). Today, her main interests are sustainability science, futures studies, and ecological restoration. Curriculum lattes &nbsp;<\/p>\n","protected":false},"author":10,"featured_media":4531,"comment_status":"open","ping_status":"open","sticky":false,"template":"","format":"standard","meta":[],"categories":[135],"tags":[],"acf":[],"yoast_head":"<!-- This site is optimized with the Yoast SEO plugin v20.1 - https:\/\/yoast.com\/wordpress\/plugins\/seo\/ -->\n<title>Dr. Anna Carolina Fornero Aguiar - Mestrado Profissional em Ci\u00eancia da Sustentabilidade<\/title>\n<meta name=\"description\" content=\"Bacharel em Ci\u00eancias Biol\u00f3gicas (2009) e Mestre em Bioengenharia de Ecossistemas (2012) pela Universidade Federal de S\u00e3o Jo\u00e3o del Rei. Doutora em Ecologia\" \/>\n<meta name=\"robots\" content=\"index, follow, max-snippet:-1, max-image-preview:large, max-video-preview:-1\" \/>\n<link rel=\"canonical\" href=\"https:\/\/mestradosustentabilidade.usuarios.rdc.puc-rio.br\/en\/docente\/dr-sergio-margulis-4\/\" \/>\n<meta property=\"og:locale\" content=\"en_US\" \/>\n<meta property=\"og:type\" content=\"article\" \/>\n<meta property=\"og:title\" content=\"Dr. Anna Carolina Fornero Aguiar - Mestrado Profissional em Ci\u00eancia da Sustentabilidade\" \/>\n<meta property=\"og:description\" content=\"Bacharel em Ci\u00eancias Biol\u00f3gicas (2009) e Mestre em Bioengenharia de Ecossistemas (2012) pela Universidade Federal de S\u00e3o Jo\u00e3o del Rei. Doutora em Ecologia\" \/>\n<meta property=\"og:url\" content=\"https:\/\/mestradosustentabilidade.usuarios.rdc.puc-rio.br\/docente\/dr-sergio-margulis-4\/\" \/>\n<meta property=\"og:site_name\" content=\"Mestrado Profissional em Ci\u00eancia da Sustentabilidade\" \/>\n<meta property=\"article:published_time\" content=\"2025-06-02T18:11:47+00:00\" \/>\n<meta property=\"article:modified_time\" content=\"2025-06-03T17:04:21+00:00\" \/>\n<meta property=\"og:image\" content=\"http:\/\/mestradosustentabilidade.usuarios.rdc.puc-rio.br\/wp-content\/uploads\/2023\/06\/Anna-Carolina-Fornero-Aguiar-Copia.jpg\" \/>\n\t<meta property=\"og:image:width\" content=\"640\" \/>\n\t<meta property=\"og:image:height\" content=\"640\" \/>\n\t<meta property=\"og:image:type\" content=\"image\/jpeg\" \/>\n<meta name=\"author\" content=\"Ana Castro\" \/>\n<meta name=\"twitter:card\" content=\"summary_large_image\" \/>\n<meta name=\"twitter:label1\" content=\"Written by\" \/>\n\t<meta name=\"twitter:data1\" content=\"Ana Castro\" \/>\n\t<meta name=\"twitter:label2\" content=\"Est. reading time\" \/>\n\t<meta name=\"twitter:data2\" content=\"3 minutes\" \/>\n<script type=\"application\/ld+json\" class=\"yoast-schema-graph\">{\"@context\":\"https:\/\/schema.org\",\"@graph\":[{\"@type\":\"Article\",\"@id\":\"https:\/\/mestradosustentabilidade.usuarios.rdc.puc-rio.br\/docente\/dr-sergio-margulis-4\/#article\",\"isPartOf\":{\"@id\":\"https:\/\/mestradosustentabilidade.usuarios.rdc.puc-rio.br\/docente\/dr-sergio-margulis-4\/\"},\"author\":{\"name\":\"Ana Castro\",\"@id\":\"https:\/\/mestradosustentabilidade.usuarios.rdc.puc-rio.br\/#\/schema\/person\/64bbd377dbbb9139419e4bf170072cf4\"},\"headline\":\"Dr. Anna Carolina Fornero Aguiar\",\"datePublished\":\"2025-06-02T18:11:47+00:00\",\"dateModified\":\"2025-06-03T17:04:21+00:00\",\"mainEntityOfPage\":{\"@id\":\"https:\/\/mestradosustentabilidade.usuarios.rdc.puc-rio.br\/docente\/dr-sergio-margulis-4\/\"},\"wordCount\":702,\"commentCount\":0,\"publisher\":{\"@id\":\"https:\/\/mestradosustentabilidade.usuarios.rdc.puc-rio.br\/#organization\"},\"articleSection\":[\"Corpo Docente\"],\"inLanguage\":\"en-US\",\"potentialAction\":[{\"@type\":\"CommentAction\",\"name\":\"Comment\",\"target\":[\"https:\/\/mestradosustentabilidade.usuarios.rdc.puc-rio.br\/docente\/dr-sergio-margulis-4\/#respond\"]}]},{\"@type\":\"WebPage\",\"@id\":\"https:\/\/mestradosustentabilidade.usuarios.rdc.puc-rio.br\/docente\/dr-sergio-margulis-4\/\",\"url\":\"https:\/\/mestradosustentabilidade.usuarios.rdc.puc-rio.br\/docente\/dr-sergio-margulis-4\/\",\"name\":\"Dr. Anna Carolina Fornero Aguiar - Mestrado Profissional em Ci\u00eancia da Sustentabilidade\",\"isPartOf\":{\"@id\":\"https:\/\/mestradosustentabilidade.usuarios.rdc.puc-rio.br\/#website\"},\"datePublished\":\"2025-06-02T18:11:47+00:00\",\"dateModified\":\"2025-06-03T17:04:21+00:00\",\"description\":\"Bacharel em Ci\u00eancias Biol\u00f3gicas (2009) e Mestre em Bioengenharia de Ecossistemas (2012) pela Universidade Federal de S\u00e3o Jo\u00e3o del Rei. Doutora em Ecologia\",\"breadcrumb\":{\"@id\":\"https:\/\/mestradosustentabilidade.usuarios.rdc.puc-rio.br\/docente\/dr-sergio-margulis-4\/#breadcrumb\"},\"inLanguage\":\"en-US\",\"potentialAction\":[{\"@type\":\"ReadAction\",\"target\":[\"https:\/\/mestradosustentabilidade.usuarios.rdc.puc-rio.br\/docente\/dr-sergio-margulis-4\/\"]}]},{\"@type\":\"BreadcrumbList\",\"@id\":\"https:\/\/mestradosustentabilidade.usuarios.rdc.puc-rio.br\/docente\/dr-sergio-margulis-4\/#breadcrumb\",\"itemListElement\":[{\"@type\":\"ListItem\",\"position\":1,\"name\":\"Home\",\"item\":\"https:\/\/mestradosustentabilidade.usuarios.rdc.puc-rio.br\/\"},{\"@type\":\"ListItem\",\"position\":2,\"name\":\"Dr\u00aa. Anna Carolina Fornero Aguiar\"}]},{\"@type\":\"WebSite\",\"@id\":\"https:\/\/mestradosustentabilidade.usuarios.rdc.puc-rio.br\/#website\",\"url\":\"https:\/\/mestradosustentabilidade.usuarios.rdc.puc-rio.br\/\",\"name\":\"Mestrado Profissional em Ci\u00eancia da Sustentabilidade\",\"description\":\"O Mestrado Profissional em Ci\u00eancia da Sustentabilidade \u00e9 o primeiro curso de p\u00f3s-gradua\u00e7\u00e3o do Brasil voltado para a Ci\u00eancias da Sustentabilidade\",\"publisher\":{\"@id\":\"https:\/\/mestradosustentabilidade.usuarios.rdc.puc-rio.br\/#organization\"},\"potentialAction\":[{\"@type\":\"SearchAction\",\"target\":{\"@type\":\"EntryPoint\",\"urlTemplate\":\"https:\/\/mestradosustentabilidade.usuarios.rdc.puc-rio.br\/?s={search_term_string}\"},\"query-input\":\"required name=search_term_string\"}],\"inLanguage\":\"en-US\"},{\"@type\":\"Organization\",\"@id\":\"https:\/\/mestradosustentabilidade.usuarios.rdc.puc-rio.br\/#organization\",\"name\":\"MPCS\",\"url\":\"https:\/\/mestradosustentabilidade.usuarios.rdc.puc-rio.br\/\",\"logo\":{\"@type\":\"ImageObject\",\"inLanguage\":\"en-US\",\"@id\":\"https:\/\/mestradosustentabilidade.usuarios.rdc.puc-rio.br\/#\/schema\/logo\/image\/\",\"url\":\"http:\/\/mestradosustentabilidade.usuarios.rdc.puc-rio.br\/wp-content\/uploads\/2024\/06\/favicon.jpg\",\"contentUrl\":\"http:\/\/mestradosustentabilidade.usuarios.rdc.puc-rio.br\/wp-content\/uploads\/2024\/06\/favicon.jpg\",\"width\":512,\"height\":512,\"caption\":\"MPCS\"},\"image\":{\"@id\":\"https:\/\/mestradosustentabilidade.usuarios.rdc.puc-rio.br\/#\/schema\/logo\/image\/\"}},{\"@type\":\"Person\",\"@id\":\"https:\/\/mestradosustentabilidade.usuarios.rdc.puc-rio.br\/#\/schema\/person\/64bbd377dbbb9139419e4bf170072cf4\",\"name\":\"Ana Castro\"}]}<\/script>\n<!-- \/ Yoast SEO plugin. -->","yoast_head_json":{"title":"Dr. Anna Carolina Fornero Aguiar - Mestrado Profissional em Ci\u00eancia da Sustentabilidade","description":"Bacharel em Ci\u00eancias Biol\u00f3gicas (2009) e Mestre em Bioengenharia de Ecossistemas (2012) pela Universidade Federal de S\u00e3o Jo\u00e3o del Rei. Doutora em Ecologia","robots":{"index":"index","follow":"follow","max-snippet":"max-snippet:-1","max-image-preview":"max-image-preview:large","max-video-preview":"max-video-preview:-1"},"canonical":"https:\/\/mestradosustentabilidade.usuarios.rdc.puc-rio.br\/en\/docente\/dr-sergio-margulis-4\/","og_locale":"en_US","og_type":"article","og_title":"Dr. Anna Carolina Fornero Aguiar - Mestrado Profissional em Ci\u00eancia da Sustentabilidade","og_description":"Bacharel em Ci\u00eancias Biol\u00f3gicas (2009) e Mestre em Bioengenharia de Ecossistemas (2012) pela Universidade Federal de S\u00e3o Jo\u00e3o del Rei. Doutora em Ecologia","og_url":"https:\/\/mestradosustentabilidade.usuarios.rdc.puc-rio.br\/docente\/dr-sergio-margulis-4\/","og_site_name":"Mestrado Profissional em Ci\u00eancia da Sustentabilidade","article_published_time":"2025-06-02T18:11:47+00:00","article_modified_time":"2025-06-03T17:04:21+00:00","og_image":[{"width":640,"height":640,"url":"http:\/\/mestradosustentabilidade.usuarios.rdc.puc-rio.br\/wp-content\/uploads\/2023\/06\/Anna-Carolina-Fornero-Aguiar-Copia.jpg","type":"image\/jpeg"}],"author":"Ana Castro","twitter_card":"summary_large_image","twitter_misc":{"Written by":"Ana Castro","Est. reading time":"3 minutes"},"schema":{"@context":"https:\/\/schema.org","@graph":[{"@type":"Article","@id":"https:\/\/mestradosustentabilidade.usuarios.rdc.puc-rio.br\/docente\/dr-sergio-margulis-4\/#article","isPartOf":{"@id":"https:\/\/mestradosustentabilidade.usuarios.rdc.puc-rio.br\/docente\/dr-sergio-margulis-4\/"},"author":{"name":"Ana Castro","@id":"https:\/\/mestradosustentabilidade.usuarios.rdc.puc-rio.br\/#\/schema\/person\/64bbd377dbbb9139419e4bf170072cf4"},"headline":"Dr. Anna Carolina Fornero Aguiar","datePublished":"2025-06-02T18:11:47+00:00","dateModified":"2025-06-03T17:04:21+00:00","mainEntityOfPage":{"@id":"https:\/\/mestradosustentabilidade.usuarios.rdc.puc-rio.br\/docente\/dr-sergio-margulis-4\/"},"wordCount":702,"commentCount":0,"publisher":{"@id":"https:\/\/mestradosustentabilidade.usuarios.rdc.puc-rio.br\/#organization"},"articleSection":["Corpo Docente"],"inLanguage":"en-US","potentialAction":[{"@type":"CommentAction","name":"Comment","target":["https:\/\/mestradosustentabilidade.usuarios.rdc.puc-rio.br\/docente\/dr-sergio-margulis-4\/#respond"]}]},{"@type":"WebPage","@id":"https:\/\/mestradosustentabilidade.usuarios.rdc.puc-rio.br\/docente\/dr-sergio-margulis-4\/","url":"https:\/\/mestradosustentabilidade.usuarios.rdc.puc-rio.br\/docente\/dr-sergio-margulis-4\/","name":"Dr. Anna Carolina Fornero Aguiar - Mestrado Profissional em Ci\u00eancia da Sustentabilidade","isPartOf":{"@id":"https:\/\/mestradosustentabilidade.usuarios.rdc.puc-rio.br\/#website"},"datePublished":"2025-06-02T18:11:47+00:00","dateModified":"2025-06-03T17:04:21+00:00","description":"Bacharel em Ci\u00eancias Biol\u00f3gicas (2009) e Mestre em Bioengenharia de Ecossistemas (2012) pela Universidade Federal de S\u00e3o Jo\u00e3o del Rei. Doutora em Ecologia","breadcrumb":{"@id":"https:\/\/mestradosustentabilidade.usuarios.rdc.puc-rio.br\/docente\/dr-sergio-margulis-4\/#breadcrumb"},"inLanguage":"en-US","potentialAction":[{"@type":"ReadAction","target":["https:\/\/mestradosustentabilidade.usuarios.rdc.puc-rio.br\/docente\/dr-sergio-margulis-4\/"]}]},{"@type":"BreadcrumbList","@id":"https:\/\/mestradosustentabilidade.usuarios.rdc.puc-rio.br\/docente\/dr-sergio-margulis-4\/#breadcrumb","itemListElement":[{"@type":"ListItem","position":1,"name":"Home","item":"https:\/\/mestradosustentabilidade.usuarios.rdc.puc-rio.br\/"},{"@type":"ListItem","position":2,"name":"Dr\u00aa. Anna Carolina Fornero Aguiar"}]},{"@type":"WebSite","@id":"https:\/\/mestradosustentabilidade.usuarios.rdc.puc-rio.br\/#website","url":"https:\/\/mestradosustentabilidade.usuarios.rdc.puc-rio.br\/","name":"Mestrado Profissional em Ci\u00eancia da Sustentabilidade","description":"O Mestrado Profissional em Ci\u00eancia da Sustentabilidade \u00e9 o primeiro curso de p\u00f3s-gradua\u00e7\u00e3o do Brasil voltado para a Ci\u00eancias da Sustentabilidade","publisher":{"@id":"https:\/\/mestradosustentabilidade.usuarios.rdc.puc-rio.br\/#organization"},"potentialAction":[{"@type":"SearchAction","target":{"@type":"EntryPoint","urlTemplate":"https:\/\/mestradosustentabilidade.usuarios.rdc.puc-rio.br\/?s={search_term_string}"},"query-input":"required name=search_term_string"}],"inLanguage":"en-US"},{"@type":"Organization","@id":"https:\/\/mestradosustentabilidade.usuarios.rdc.puc-rio.br\/#organization","name":"MPCS","url":"https:\/\/mestradosustentabilidade.usuarios.rdc.puc-rio.br\/","logo":{"@type":"ImageObject","inLanguage":"en-US","@id":"https:\/\/mestradosustentabilidade.usuarios.rdc.puc-rio.br\/#\/schema\/logo\/image\/","url":"http:\/\/mestradosustentabilidade.usuarios.rdc.puc-rio.br\/wp-content\/uploads\/2024\/06\/favicon.jpg","contentUrl":"http:\/\/mestradosustentabilidade.usuarios.rdc.puc-rio.br\/wp-content\/uploads\/2024\/06\/favicon.jpg","width":512,"height":512,"caption":"MPCS"},"image":{"@id":"https:\/\/mestradosustentabilidade.usuarios.rdc.puc-rio.br\/#\/schema\/logo\/image\/"}},{"@type":"Person","@id":"https:\/\/mestradosustentabilidade.usuarios.rdc.puc-rio.br\/#\/schema\/person\/64bbd377dbbb9139419e4bf170072cf4","name":"Ana Castro"}]}},"_links":{"self":[{"href":"https:\/\/mestradosustentabilidade.usuarios.rdc.puc-rio.br\/en\/wp-json\/wp\/v2\/posts\/4528"}],"collection":[{"href":"https:\/\/mestradosustentabilidade.usuarios.rdc.puc-rio.br\/en\/wp-json\/wp\/v2\/posts"}],"about":[{"href":"https:\/\/mestradosustentabilidade.usuarios.rdc.puc-rio.br\/en\/wp-json\/wp\/v2\/types\/post"}],"author":[{"embeddable":true,"href":"https:\/\/mestradosustentabilidade.usuarios.rdc.puc-rio.br\/en\/wp-json\/wp\/v2\/users\/10"}],"replies":[{"embeddable":true,"href":"https:\/\/mestradosustentabilidade.usuarios.rdc.puc-rio.br\/en\/wp-json\/wp\/v2\/comments?post=4528"}],"version-history":[{"count":6,"href":"https:\/\/mestradosustentabilidade.usuarios.rdc.puc-rio.br\/en\/wp-json\/wp\/v2\/posts\/4528\/revisions"}],"predecessor-version":[{"id":4572,"href":"https:\/\/mestradosustentabilidade.usuarios.rdc.puc-rio.br\/en\/wp-json\/wp\/v2\/posts\/4528\/revisions\/4572"}],"wp:featuredmedia":[{"embeddable":true,"href":"https:\/\/mestradosustentabilidade.usuarios.rdc.puc-rio.br\/en\/wp-json\/wp\/v2\/media\/4531"}],"wp:attachment":[{"href":"https:\/\/mestradosustentabilidade.usuarios.rdc.puc-rio.br\/en\/wp-json\/wp\/v2\/media?parent=4528"}],"wp:term":[{"taxonomy":"category","embeddable":true,"href":"https:\/\/mestradosustentabilidade.usuarios.rdc.puc-rio.br\/en\/wp-json\/wp\/v2\/categories?post=4528"},{"taxonomy":"post_tag","embeddable":true,"href":"https:\/\/mestradosustentabilidade.usuarios.rdc.puc-rio.br\/en\/wp-json\/wp\/v2\/tags?post=4528"}],"curies":[{"name":"wp","href":"https:\/\/api.w.org\/{rel}","templated":true}]}}